{"id":138724,"date":"2019-11-30T10:00:39","date_gmt":"2019-11-30T13:00:39","guid":{"rendered":"http:\/\/www.caririemacao.com\/1\/?p=138724"},"modified":"2019-11-30T10:00:39","modified_gmt":"2019-11-30T13:00:39","slug":"o-que-bombou-na-black-friday-papel-higienico-pilhas-e-cerveja-se-esgotam","status":"publish","type":"post","link":"https:\/\/www.caririemacao.com\/1\/2019\/11\/30\/o-que-bombou-na-black-friday-papel-higienico-pilhas-e-cerveja-se-esgotam\/","title":{"rendered":"O que \u00b4bombou\u00b4 na Black Friday: Papel higi\u00eanico, pilhas e cerveja se esgotam"},"content":{"rendered":"\n<p>Os setores de alimentos e bebidas, de higiene e de produtos de limpeza desempenharam um papel de destaque no\u00a0varejo na Black Friday deste ano.<\/p>\n\n\n\n<p>Embora os balan\u00e7os de associa\u00e7\u00f5es supermercadistas n\u00e3o estivessem fechados at\u00e9 o fim desta sexta (29) -muitas empresas ir\u00e3o contabilizar a CyberMonday na segunda (2)-, indicativos refor\u00e7am as proje\u00e7\u00f5es de que esses produtos tiveram boa sa\u00edda.<\/p>\n\n\n\n<p>Al\u00e9m de empurra-empurra e tumulto nas Lojas Americanas do Shopping Interlagos, na zona sul da capital paulista, onde pessoas chegaram a brigar na disputa por produtos, itens como papel higi\u00eanico, xampu, tintura de cabelo, al\u00e9m de alimentos e bebidas alco\u00f3licas, formaram grandes filas e at\u00e9 acabaram com estoques em alguns pontos.<\/p>\n\n\n\n<p>A Magazine Luiza, por exemplo, vendeu 40 mil pacotes de papel higi\u00eanico, 400 mil pilhas e 50 mil kits de cerveja na sexta. J\u00e1 no Extra, do Grupo P\u00e3o de A\u00e7\u00facar, categorias como perfumaria e mercearia b\u00e1sica (como arroz, feij\u00e3o e a\u00e7\u00facar) cresceram mais de 30% na rela\u00e7\u00e3o com a data comercial do ano passado.<\/p>\n\n\n\n<p>Produtos de higiene e de limpeza s\u00e3o considerados de alto valor agregado e de uso cont\u00ednuo pelos consumidores. Para analistas, uma das estrat\u00e9gias das marcas foi atrair a aten\u00e7\u00e3o para esses itens no contexto econ\u00f4mico, que, do lado do cliente, inclui libera\u00e7\u00e3o de FGTS e primeira parcela do 13\u00ba sal\u00e1rio. J\u00e1 do lado das empresas, h\u00e1 necessidade de reaquecer as vendas sem arriscar perder lucratividade.<\/p>\n\n\n\n<p>\u201cFizemos um forte planejamento para alcan\u00e7ar vendas recordes. Al\u00e9m disso, podemos contar com a consolida\u00e7\u00e3o da data no varejo e com aspectos macroecon\u00f4micos\u201d, diz Christiane Citr\u00e2ngulo, diretora de marketing do Extra.<\/p>\n\n\n\n<p>Segundo ela, telefonia, v\u00eddeo e bebidas sempre foram categorias com boa sa\u00edda de produtos, mas a \u00eanfase deste ano ser\u00e1 a evolu\u00e7\u00e3o de setores de pre\u00e7os mais baixos.<\/p>\n\n\n\n<p>A expectativa, de acordo com o grupo, \u00e9 que a venda no ecommerce alimentar mais que dobre neste ano. At\u00e9 a noite desta sexta-feira, mais de 1 milh\u00e3o de cervejas e 100 mil garrafas de vinhos haviam sido comercializadas na internet pelo GPA, que inclui as marcas P\u00e3o de A\u00e7\u00facar e Extra.<\/p>\n\n\n\n<p>Outros dois fatores que contribuem para que a Black Friday tenha alta de at\u00e9 18% no com\u00e9rcio podem ser a proximidade do Natal (seis dias a menos em rela\u00e7\u00e3o \u00e0 data de 2018) e a tradi\u00e7\u00e3o de a \u00faltima semana de novembro j\u00e1 ser considerada quente no varejo.<\/p>\n\n\n\n<p>Nas lojas f\u00edsicas de grandes redes no centro de S\u00e3o Paulo, foi comum ver concentra\u00e7\u00e3o de pessoas em se\u00e7\u00f5es de celulares. Chamaram a aten\u00e7\u00e3o, no entanto, as filas de consumidores carregando produtos mais simples. Alguns faziam estoque de pasta de dente a R$ 0,99. Outros aproveitaram xampus a R$ 12 \u2013quando antes custavam cerca de R$ 18 nas Lojas Americanas.<\/p>\n\n\n\n<p>Para Marcelo Silva, presidente do IDV (Instituto para Desenvolvimento do Varejo), \u00e9 precipitado avaliar os padr\u00f5es deste ano no setor supermercadista, porque de s\u00e1bado a segunda o movimento deve continuar forte, em especial no com\u00e9rcio eletr\u00f4nico.<\/p>\n\n\n\n<p>\u201cO Brasil j\u00e1 criou a Black Week, daqui a pouco teremos a [Black] do m\u00eas\u201d, diz. \u201cApesar de cada empresa e supermercado ter um desempenho diferente, o denominador comum \u00e9 que houve crescimento se levarmos em conta online e offline\u201d, afirma.<\/p>\n\n\n\n<p>Ele acrescenta que as pessoas estavam esperando pela data para fazer compras. \u201cAl\u00e9m disso, j\u00e1 h\u00e1 um cen\u00e1rio positivo de infla\u00e7\u00e3o e juros mais baixos\u201d, pondera.<\/p>\n\n\n\n<p>Apesar de sinais levemente positivos, ainda h\u00e1 mais de 12 milh\u00f5es de desempregados, inadimpl\u00eancia alta e empregos prec\u00e1rios, lembra Oleg\u00e1rio Ara\u00fajo, consultor de varejo do Intelig\u00eancia 360. Tais fatores, para ele, ainda pode representar receio de gastar.<\/p>\n\n\n\n<p>\u201cNessa l\u00f3gica, o supermercado reduziu pre\u00e7o em produto essencial para gerar resultado. O contexto limita renda para compras grandes e, do outro lado, o varejo precisa aumentar sua movimenta\u00e7\u00e3o porque a concorr\u00eancia est\u00e1 acirrad\u00edssima\u201d, diz.<\/p>\n\n\n\n<p>Na edi\u00e7\u00e3o de 2018, o setor supermercadista arrecadou R$ 2,6 bilh\u00f5es, segundo a Apas (Associa\u00e7\u00e3o Paulista de Supermercados). Para este ano, a proje\u00e7\u00e3o \u00e9 de alta de 4%, puxada por alimentos e bebidas.<\/p>\n","protected":false},"excerpt":{"rendered":"<p>Os setores de alimentos e bebidas, de higiene e de produtos de limpeza desempenharam um papel de destaque no\u00a0varejo na Black Friday deste ano. Embora&hellip; <\/p>\n","protected":false},"author":1,"featured_media":73081,"comment_status":"closed","ping_status":"closed","sticky":false,"template":"","format":"standard","meta":{"sfsi_plus_gutenberg_text_before_share":"","sfsi_plus_gutenberg_show_text_before_share":"","sfsi_plus_gutenberg_icon_type":"","sfsi_plus_gutenberg_icon_alignemt":"","sfsi_plus_gutenburg_max_per_row":"","footnotes":""},"categories":[2],"tags":[],"class_list":["post-138724","post","type-post","status-publish","format-standard","has-post-thumbnail","hentry","category-geral"],"_links":{"self":[{"href":"https:\/\/www.caririemacao.com\/1\/wp-json\/wp\/v2\/posts\/138724","targetHints":{"allow":["GET"]}}],"collection":[{"href":"https:\/\/www.caririemacao.com\/1\/wp-json\/wp\/v2\/posts"}],"about":[{"href":"https:\/\/www.caririemacao.com\/1\/wp-json\/wp\/v2\/types\/post"}],"author":[{"embeddable":true,"href":"https:\/\/www.caririemacao.com\/1\/wp-json\/wp\/v2\/users\/1"}],"replies":[{"embeddable":true,"href":"https:\/\/www.caririemacao.com\/1\/wp-json\/wp\/v2\/comments?post=138724"}],"version-history":[{"count":1,"href":"https:\/\/www.caririemacao.com\/1\/wp-json\/wp\/v2\/posts\/138724\/revisions"}],"predecessor-version":[{"id":138725,"href":"https:\/\/www.caririemacao.com\/1\/wp-json\/wp\/v2\/posts\/138724\/revisions\/138725"}],"wp:featuredmedia":[{"embeddable":true,"href":"https:\/\/www.caririemacao.com\/1\/wp-json\/wp\/v2\/media\/73081"}],"wp:attachment":[{"href":"https:\/\/www.caririemacao.com\/1\/wp-json\/wp\/v2\/media?parent=138724"}],"wp:term":[{"taxonomy":"category","embeddable":true,"href":"https:\/\/www.caririemacao.com\/1\/wp-json\/wp\/v2\/categories?post=138724"},{"taxonomy":"post_tag","embeddable":true,"href":"https:\/\/www.caririemacao.com\/1\/wp-json\/wp\/v2\/tags?post=138724"}],"curies":[{"name":"wp","href":"https:\/\/api.w.org\/{rel}","templated":true}]}}