{"id":138738,"date":"2019-11-30T10:44:11","date_gmt":"2019-11-30T13:44:11","guid":{"rendered":"http:\/\/www.caririemacao.com\/1\/?p=138738"},"modified":"2019-11-30T10:44:29","modified_gmt":"2019-11-30T13:44:29","slug":"homem-e-preso-com-espingardas-e-dezenas-de-municoes-no-cariri","status":"publish","type":"post","link":"https:\/\/www.caririemacao.com\/1\/2019\/11\/30\/homem-e-preso-com-espingardas-e-dezenas-de-municoes-no-cariri\/","title":{"rendered":"Homem \u00e9 preso com espingardas e dezenas de muni\u00e7\u00f5es no Cariri"},"content":{"rendered":"\n<p>Um homem foi preso na tarde desta sexta-feira (29) durante uma a\u00e7\u00e3o coordenada por policiais civis na cidade de S\u00e3o Jo\u00e3o do Cariri, no interior da Para\u00edba. Os trabalhos tiveram apoio da Pol\u00edcia Militar .<\/p>\n\n\n\n<div class=\"wp-block-image\"><figure class=\"alignright\"><img decoding=\"async\" data-src=\"http:\/\/deolhonocariri.com.br\/wp-content\/uploads\/2019\/11\/004-Copia-5.jpeg\" alt=\"\" class=\"wp-image-74569 lazyload\" src=\"data:image\/svg+xml;base64,PHN2ZyB3aWR0aD0iMSIgaGVpZ2h0PSIxIiB4bWxucz0iaHR0cDovL3d3dy53My5vcmcvMjAwMC9zdmciPjwvc3ZnPg==\" \/><\/figure><\/div>\n\n\n\n<p><\/p>\n\n\n\n<p><\/p>\n\n\n\n<p>J. de S. M., de 54 anos, foi localizado por equipes da delegacia da cidade e apoio do Grupo T\u00e1tico Especial da 14\u00aa Delegacia Seccional de Monteiro. Com ele, foram encontradas duas espingardas e 28 muni\u00e7\u00f5es.<\/p>\n\n\n\n<p>Segundo informa\u00e7\u00f5es do delegado seccional, Cristiano Santana, as armas foram encontradas durante buscas feitas na casa do suspeito com autoriza\u00e7\u00e3o da justi\u00e7a.<\/p>\n\n\n\n<p>\u201cA investiga\u00e7\u00e3o j\u00e1 vem sendo realizada h\u00e1 tr\u00eas meses de investiga\u00e7\u00e3o. Foram cumpridos mandados de busca e apreens\u00f5es na zona de Gurj\u00e3o\u201d, afirmou o delegado<\/p>\n\n\n\n<p>O acusado foi autuado em flagrante delito por posse ilegal de arma de fogo. Por se tratar de crime afian\u00e7\u00e1vel, ele pagou a quantia determinada pelo delegado e responder\u00e1 processo criminal em liberdade. As armas e muni\u00e7\u00f5es foram apreendidas e ser\u00e3o encaminhadas \u00e0 Justi\u00e7a.<\/p>\n","protected":false},"excerpt":{"rendered":"<p>Um homem foi preso na tarde desta sexta-feira (29) durante uma a\u00e7\u00e3o coordenada por policiais civis na cidade de S\u00e3o Jo\u00e3o do Cariri, no interior&hellip; <\/p>\n","protected":false},"author":1,"featured_media":15928,"comment_status":"closed","ping_status":"closed","sticky":false,"template":"","format":"standard","meta":{"sfsi_plus_gutenberg_text_before_share":"","sfsi_plus_gutenberg_show_text_before_share":"","sfsi_plus_gutenberg_icon_type":"","sfsi_plus_gutenberg_icon_alignemt":"","sfsi_plus_gutenburg_max_per_row":"","footnotes":""},"categories":[12],"tags":[],"class_list":["post-138738","post","type-post","status-publish","format-standard","has-post-thumbnail","hentry","category-policia"],"_links":{"self":[{"href":"https:\/\/www.caririemacao.com\/1\/wp-json\/wp\/v2\/posts\/138738","targetHints":{"allow":["GET"]}}],"collection":[{"href":"https:\/\/www.caririemacao.com\/1\/wp-json\/wp\/v2\/posts"}],"about":[{"href":"https:\/\/www.caririemacao.com\/1\/wp-json\/wp\/v2\/types\/post"}],"author":[{"embeddable":true,"href":"https:\/\/www.caririemacao.com\/1\/wp-json\/wp\/v2\/users\/1"}],"replies":[{"embeddable":true,"href":"https:\/\/www.caririemacao.com\/1\/wp-json\/wp\/v2\/comments?post=138738"}],"version-history":[{"count":2,"href":"https:\/\/www.caririemacao.com\/1\/wp-json\/wp\/v2\/posts\/138738\/revisions"}],"predecessor-version":[{"id":138740,"href":"https:\/\/www.caririemacao.com\/1\/wp-json\/wp\/v2\/posts\/138738\/revisions\/138740"}],"wp:featuredmedia":[{"embeddable":true,"href":"https:\/\/www.caririemacao.com\/1\/wp-json\/wp\/v2\/media\/15928"}],"wp:attachment":[{"href":"https:\/\/www.caririemacao.com\/1\/wp-json\/wp\/v2\/media?parent=138738"}],"wp:term":[{"taxonomy":"category","embeddable":true,"href":"https:\/\/www.caririemacao.com\/1\/wp-json\/wp\/v2\/categories?post=138738"},{"taxonomy":"post_tag","embeddable":true,"href":"https:\/\/www.caririemacao.com\/1\/wp-json\/wp\/v2\/tags?post=138738"}],"curies":[{"name":"wp","href":"https:\/\/api.w.org\/{rel}","templated":true}]}}