{"id":138752,"date":"2019-11-30T16:07:53","date_gmt":"2019-11-30T19:07:53","guid":{"rendered":"http:\/\/www.caririemacao.com\/1\/?p=138752"},"modified":"2019-11-30T16:07:53","modified_gmt":"2019-11-30T19:07:53","slug":"nasce-bezerro-com-duas-cabecas","status":"publish","type":"post","link":"https:\/\/www.caririemacao.com\/1\/2019\/11\/30\/nasce-bezerro-com-duas-cabecas\/","title":{"rendered":"Nasce bezerro com duas cabe\u00e7as"},"content":{"rendered":"\n<p>Um bezerro com duas cabe\u00e7as nasceu na noite desta sexta-feira (19), em uma comunidade rural, em Pianc\u00f3, no Sert\u00e3o da Para\u00edba.&nbsp;<\/p>\n\n\n\n<p>O animal estranho nasceu de uma vaca na propriedade de Evanildo Pereira da Silva, na comunidade rural V\u00e1rzea da Cachoeira.<\/p>\n\n\n\n<p>Como ocorre em casos do tipo, o animal n\u00e3o resistiu e morreu algum tempo depois.<\/p>\n\n\n\n<p>Apesar de raro, o evento j\u00e1 aconteceu outras vezes na Para\u00edba. Em 2018, fato semelhante aconteceu na comunidade Montes, em Cajazeiras, no Sert\u00e3o da Para\u00edba.<\/p>\n\n\n\n<p>Em 2015 ocorreu um caso semelhante em Catol\u00e9 do Rocha.<\/p>\n\n\n\n<p>O nascimento do animal bic\u00e9falo \u00e9 resultado de uma anomalia gen\u00e9tica. Alguns populares de Pianc\u00f3 foram at\u00e9 o local para ver o animal in loco.&nbsp;<\/p>\n","protected":false},"excerpt":{"rendered":"<p>Um bezerro com duas cabe\u00e7as nasceu na noite desta sexta-feira (19), em uma comunidade rural, em Pianc\u00f3, no Sert\u00e3o da Para\u00edba.&nbsp; O animal estranho nasceu&hellip; <\/p>\n","protected":false},"author":1,"featured_media":138753,"comment_status":"closed","ping_status":"closed","sticky":false,"template":"","format":"standard","meta":{"sfsi_plus_gutenberg_text_before_share":"","sfsi_plus_gutenberg_show_text_before_share":"","sfsi_plus_gutenberg_icon_type":"","sfsi_plus_gutenberg_icon_alignemt":"","sfsi_plus_gutenburg_max_per_row":"","footnotes":""},"categories":[2],"tags":[],"class_list":["post-138752","post","type-post","status-publish","format-standard","has-post-thumbnail","hentry","category-geral"],"_links":{"self":[{"href":"https:\/\/www.caririemacao.com\/1\/wp-json\/wp\/v2\/posts\/138752","targetHints":{"allow":["GET"]}}],"collection":[{"href":"https:\/\/www.caririemacao.com\/1\/wp-json\/wp\/v2\/posts"}],"about":[{"href":"https:\/\/www.caririemacao.com\/1\/wp-json\/wp\/v2\/types\/post"}],"author":[{"embeddable":true,"href":"https:\/\/www.caririemacao.com\/1\/wp-json\/wp\/v2\/users\/1"}],"replies":[{"embeddable":true,"href":"https:\/\/www.caririemacao.com\/1\/wp-json\/wp\/v2\/comments?post=138752"}],"version-history":[{"count":1,"href":"https:\/\/www.caririemacao.com\/1\/wp-json\/wp\/v2\/posts\/138752\/revisions"}],"predecessor-version":[{"id":138754,"href":"https:\/\/www.caririemacao.com\/1\/wp-json\/wp\/v2\/posts\/138752\/revisions\/138754"}],"wp:featuredmedia":[{"embeddable":true,"href":"https:\/\/www.caririemacao.com\/1\/wp-json\/wp\/v2\/media\/138753"}],"wp:attachment":[{"href":"https:\/\/www.caririemacao.com\/1\/wp-json\/wp\/v2\/media?parent=138752"}],"wp:term":[{"taxonomy":"category","embeddable":true,"href":"https:\/\/www.caririemacao.com\/1\/wp-json\/wp\/v2\/categories?post=138752"},{"taxonomy":"post_tag","embeddable":true,"href":"https:\/\/www.caririemacao.com\/1\/wp-json\/wp\/v2\/tags?post=138752"}],"curies":[{"name":"wp","href":"https:\/\/api.w.org\/{rel}","templated":true}]}}