{"id":138760,"date":"2019-11-30T16:12:59","date_gmt":"2019-11-30T19:12:59","guid":{"rendered":"http:\/\/www.caririemacao.com\/1\/?p=138760"},"modified":"2019-11-30T16:12:59","modified_gmt":"2019-11-30T19:12:59","slug":"bolsonaro-nao-se-deve-descansar-sem-democracia-na-america-do-sul","status":"publish","type":"post","link":"https:\/\/www.caririemacao.com\/1\/2019\/11\/30\/bolsonaro-nao-se-deve-descansar-sem-democracia-na-america-do-sul\/","title":{"rendered":"Bolsonaro: n\u00e3o se deve descansar sem democracia na Am\u00e9rica do Sul"},"content":{"rendered":"\n<p>O presidente da Rep\u00fablica,&nbsp;<a href=\"http:\/\/agenciabrasil.ebc.com.br\/tags\/jair-bolsonaro\" target=\"_blank\" rel=\"noreferrer noopener\">Jair Bolsonar<\/a>o, disse hoje (30) que n\u00e3o se deve descansar enquanto n\u00e3o houver democracia e liberdade em toda a Am\u00e9rica do Sul. Bolsonaro participou da solenidade de entrega das espadas aos novos aspirantes, formados na Academia Militar das Agulhas Negras (Aman), em Resende (RJ).<\/p>\n\n\n\n<p>No evento, 414 cadetes que conclu\u00edram o 4\u00ba ano da AMAN e foram declarados aspirantes a Oficial, primeiro posto da carreira de Oficial Combatente do Ex\u00e9rcito Brasileiro. Al\u00e9m dos cadetes brasileiros, tamb\u00e9m recebem a espada de oficial 11 cadetes de \u201cna\u00e7\u00f5es amigas\u201d: dois de Angola, um da Guiana, um de Honduras, cinco da Nam\u00edbia e dois do Paraguai.&nbsp;<\/p>\n\n\n\n<p>\u201cMilitares das na\u00e7\u00f5es amigas e, em especial, da Am\u00e9rica do Sul, n\u00f3s n\u00e3o descansaremos enquanto todos os pa\u00edses-irm\u00e3os n\u00e3o respirarem democracia e liberdade. Que nossos povos n\u00e3o se deixem persuadir ou iludir com as facilidades. A democracia e a liberdade \u00e9 o nosso oxig\u00eanio\u201d, disse Bolsonaro.<\/p>\n\n\n\n<p>No discurso, Bolsonaro lembrou que formou-se pela AMAN em 1977 e que no final de 2014, quando participou de uma cerim\u00f4nia de forma\u00e7\u00e3o de outra turma, se inspirou e decidiu se candidatar \u00e0 Presid\u00eancia da Rep\u00fablica. \u201cNo final de 2014, elei\u00e7\u00f5es terminadas, por acaso encontrei-me na regi\u00e3o da ponte do rio Alambari com a turma que se formava naquele momento. Veio-me a inspira\u00e7\u00e3o, uma vontade n\u00e3o sei de onde e assumi um compromisso com aquela turma. Falei que mudaria o destino do Brasil, mas n\u00e3o sozinho\u201d, disse.<\/p>\n\n\n\n<p>Bolsonaro disse ainda que tem o sonho de entregar o Brasil melhor do que recebeu, como assumiu a Presid\u00eancia da Rep\u00fablica.<\/p>\n","protected":false},"excerpt":{"rendered":"<p>O presidente da Rep\u00fablica,&nbsp;Jair Bolsonaro, disse hoje (30) que n\u00e3o se deve descansar enquanto n\u00e3o houver democracia e liberdade em toda a Am\u00e9rica do Sul.&hellip; <\/p>\n","protected":false},"author":1,"featured_media":129425,"comment_status":"closed","ping_status":"closed","sticky":false,"template":"","format":"standard","meta":{"sfsi_plus_gutenberg_text_before_share":"","sfsi_plus_gutenberg_show_text_before_share":"","sfsi_plus_gutenberg_icon_type":"","sfsi_plus_gutenberg_icon_alignemt":"","sfsi_plus_gutenburg_max_per_row":"","footnotes":""},"categories":[11],"tags":[],"class_list":["post-138760","post","type-post","status-publish","format-standard","has-post-thumbnail","hentry","category-politica"],"_links":{"self":[{"href":"https:\/\/www.caririemacao.com\/1\/wp-json\/wp\/v2\/posts\/138760","targetHints":{"allow":["GET"]}}],"collection":[{"href":"https:\/\/www.caririemacao.com\/1\/wp-json\/wp\/v2\/posts"}],"about":[{"href":"https:\/\/www.caririemacao.com\/1\/wp-json\/wp\/v2\/types\/post"}],"author":[{"embeddable":true,"href":"https:\/\/www.caririemacao.com\/1\/wp-json\/wp\/v2\/users\/1"}],"replies":[{"embeddable":true,"href":"https:\/\/www.caririemacao.com\/1\/wp-json\/wp\/v2\/comments?post=138760"}],"version-history":[{"count":1,"href":"https:\/\/www.caririemacao.com\/1\/wp-json\/wp\/v2\/posts\/138760\/revisions"}],"predecessor-version":[{"id":138761,"href":"https:\/\/www.caririemacao.com\/1\/wp-json\/wp\/v2\/posts\/138760\/revisions\/138761"}],"wp:featuredmedia":[{"embeddable":true,"href":"https:\/\/www.caririemacao.com\/1\/wp-json\/wp\/v2\/media\/129425"}],"wp:attachment":[{"href":"https:\/\/www.caririemacao.com\/1\/wp-json\/wp\/v2\/media?parent=138760"}],"wp:term":[{"taxonomy":"category","embeddable":true,"href":"https:\/\/www.caririemacao.com\/1\/wp-json\/wp\/v2\/categories?post=138760"},{"taxonomy":"post_tag","embeddable":true,"href":"https:\/\/www.caririemacao.com\/1\/wp-json\/wp\/v2\/tags?post=138760"}],"curies":[{"name":"wp","href":"https:\/\/api.w.org\/{rel}","templated":true}]}}