{"id":138766,"date":"2019-11-30T17:56:13","date_gmt":"2019-11-30T20:56:13","guid":{"rendered":"http:\/\/www.caririemacao.com\/1\/?p=138766"},"modified":"2019-11-30T17:56:13","modified_gmt":"2019-11-30T20:56:13","slug":"policia-recupera-moto-furtada-no-cariri-em-menos-de-24h","status":"publish","type":"post","link":"https:\/\/www.caririemacao.com\/1\/2019\/11\/30\/policia-recupera-moto-furtada-no-cariri-em-menos-de-24h\/","title":{"rendered":"Pol\u00edcia recupera moto furtada no Cariri em menos de 24h"},"content":{"rendered":"\n<p>Por volta das 22h de ontem, 29, a Pol\u00edcia Militar recuperou uma moto que havia sido furtada na cidade de Monteiro.<\/p>\n\n\n\n<p>O ve\u00edculo pertence a Saturnino Jos\u00e9. O mesmo informou aos policiais que havia estacionado sua moto por tr\u00e1s da Igreja Matriz e quando chegou no local por volta das 15h30min, a moto n\u00e3o se encontrava mais.<\/p>\n\n\n\n<p>A v\u00edtima foi encaminhada para a Delegacia a fim de registrar o fato ocorrido, a guarni\u00e7\u00e3o iniciou rondas em toda a cidade para localizar a mesma. Por volta das 22h40min, a guarni\u00e7\u00e3o localizou a moto abandonada em frente \u00e0 loja de material de constru\u00e7\u00e3o de Juc\u00edlio. Ap\u00f3s averigua\u00e7\u00f5es e buscas em torno da localidade, n\u00e3o foi identificado o suspeito do furto, a moto foi conduzida para a Delegacia de Pol\u00edcia Civil para as medidas cab\u00edveis.<\/p>\n\n\n\n<p><strong>Para\u00edba Mix<\/strong><\/p>\n","protected":false},"excerpt":{"rendered":"<p>Por volta das 22h de ontem, 29, a Pol\u00edcia Militar recuperou uma moto que havia sido furtada na cidade de Monteiro. O ve\u00edculo pertence a&hellip; <\/p>\n","protected":false},"author":1,"featured_media":138768,"comment_status":"closed","ping_status":"closed","sticky":false,"template":"","format":"standard","meta":{"sfsi_plus_gutenberg_text_before_share":"","sfsi_plus_gutenberg_show_text_before_share":"","sfsi_plus_gutenberg_icon_type":"","sfsi_plus_gutenberg_icon_alignemt":"","sfsi_plus_gutenburg_max_per_row":"","footnotes":""},"categories":[50,12],"tags":[],"class_list":["post-138766","post","type-post","status-publish","format-standard","has-post-thumbnail","hentry","category-destaque","category-policia"],"_links":{"self":[{"href":"https:\/\/www.caririemacao.com\/1\/wp-json\/wp\/v2\/posts\/138766","targetHints":{"allow":["GET"]}}],"collection":[{"href":"https:\/\/www.caririemacao.com\/1\/wp-json\/wp\/v2\/posts"}],"about":[{"href":"https:\/\/www.caririemacao.com\/1\/wp-json\/wp\/v2\/types\/post"}],"author":[{"embeddable":true,"href":"https:\/\/www.caririemacao.com\/1\/wp-json\/wp\/v2\/users\/1"}],"replies":[{"embeddable":true,"href":"https:\/\/www.caririemacao.com\/1\/wp-json\/wp\/v2\/comments?post=138766"}],"version-history":[{"count":1,"href":"https:\/\/www.caririemacao.com\/1\/wp-json\/wp\/v2\/posts\/138766\/revisions"}],"predecessor-version":[{"id":138769,"href":"https:\/\/www.caririemacao.com\/1\/wp-json\/wp\/v2\/posts\/138766\/revisions\/138769"}],"wp:featuredmedia":[{"embeddable":true,"href":"https:\/\/www.caririemacao.com\/1\/wp-json\/wp\/v2\/media\/138768"}],"wp:attachment":[{"href":"https:\/\/www.caririemacao.com\/1\/wp-json\/wp\/v2\/media?parent=138766"}],"wp:term":[{"taxonomy":"category","embeddable":true,"href":"https:\/\/www.caririemacao.com\/1\/wp-json\/wp\/v2\/categories?post=138766"},{"taxonomy":"post_tag","embeddable":true,"href":"https:\/\/www.caririemacao.com\/1\/wp-json\/wp\/v2\/tags?post=138766"}],"curies":[{"name":"wp","href":"https:\/\/api.w.org\/{rel}","templated":true}]}}