{"id":138787,"date":"2019-12-01T00:11:31","date_gmt":"2019-12-01T03:11:31","guid":{"rendered":"http:\/\/www.caririemacao.com\/1\/?p=138787"},"modified":"2019-11-30T21:14:00","modified_gmt":"2019-12-01T00:14:00","slug":"presidente-nacional-do-psb-lanca-pre-candidatura-de-gervasio-maia-a-pmjp-nas-eleicoes-2020","status":"publish","type":"post","link":"https:\/\/www.caririemacao.com\/1\/2019\/12\/01\/presidente-nacional-do-psb-lanca-pre-candidatura-de-gervasio-maia-a-pmjp-nas-eleicoes-2020\/","title":{"rendered":"Presidente nacional do PSB lan\u00e7a pr\u00e9-candidatura de Gerv\u00e1sio Maia \u00e0 PMJP nas elei\u00e7\u00f5es 2020"},"content":{"rendered":"\n<p>O presidente nacional do PSB, Carlos Siqueira, lan\u00e7ou o deputado federal Gerv\u00e1sio Maia como pr\u00e9-candidato \u00e0 Prefeitura Municipal de Jo\u00e3o Pessoa nas elei\u00e7\u00f5es 2020. \u00c1 declara\u00e7\u00e3o aconteceu durante a Confer\u00eancia Nacional da Autorreforma da sigla, no Rio de Janeiro. O v\u00eddeo foi divulgado pelo portal Pol\u00eamica Para\u00edba neste s\u00e1bado (30).<\/p>\n\n\n\n<p>Siqueira citou Gerv\u00e1sio como nome do partido para a disputa na Capital paraibana. O ex-governador Ricardo Coutinho estava presente no evento e deu o aval para a pr\u00e9-candidatura.<\/p>\n\n\n\n<p>\u201cN\u00f3s estamos aqui e muitos companheiros me perguntaram: \u2018Ah, e os candidatos vir\u00e3o hoje? O PSB tem candidatos nas Capitais?\u2019 Sim, temos muitos, e est\u00e3o aqui. Um deles, o Coutinho j\u00e1 citou, que \u00e9 o nosso companheiro M\u00e1rcio Fran\u00e7a, em S\u00e3o Paulo. O nosso companheiro e amigo Luciano Ducci, em Curitiba, tamb\u00e9m. O deputado Bira do Pindar\u00e9, no Maranh\u00e3o. Nosso querido amigo e deputado C\u00e1ssio Andrade em Bel\u00e9m. O companheiro J\u00falio Delgado em Belo Horizonte. Jo\u00e3o Campos, candidato em Recife, a nossa querida Capital. Gerv\u00e1sio Maia na Para\u00edba, sem a licen\u00e7a do Coutinho, mas j\u00e1 vou lan\u00e7ando a candidatura dele\u201d, afirmou o presidente nacional.<\/p>\n\n\n\n<p>Ele tamb\u00e9m fez uma avalia\u00e7\u00e3o sobre o cen\u00e1rio pol\u00edtico de forma geral na atualidade. \u201cN\u00e3o \u00e9 admiss\u00edvel que n\u00f3s n\u00e3o olhemos criticamente para o sistema pol\u00edtico que praticamente desmoronou, principalmente a partir de 2013. Somos parte desse sistema, e para o bem ou para o mal, n\u00f3s estamos dando a nossa contribui\u00e7\u00e3o, pois tamb\u00e9m cometemos os nossos erros, tamb\u00e9m temos responsabilidade, n\u00e3o podemos deixar de assumi-la\u201d, disse.<\/p>\n","protected":false},"excerpt":{"rendered":"<p>O presidente nacional do PSB, Carlos Siqueira, lan\u00e7ou o deputado federal Gerv\u00e1sio Maia como pr\u00e9-candidato \u00e0 Prefeitura Municipal de Jo\u00e3o Pessoa nas elei\u00e7\u00f5es 2020. \u00c1&hellip; <\/p>\n","protected":false},"author":1,"featured_media":0,"comment_status":"closed","ping_status":"closed","sticky":false,"template":"","format":"standard","meta":{"sfsi_plus_gutenberg_text_before_share":"","sfsi_plus_gutenberg_show_text_before_share":"","sfsi_plus_gutenberg_icon_type":"","sfsi_plus_gutenberg_icon_alignemt":"","sfsi_plus_gutenburg_max_per_row":"","footnotes":""},"categories":[11],"tags":[],"class_list":["post-138787","post","type-post","status-publish","format-standard","hentry","category-politica"],"_links":{"self":[{"href":"https:\/\/www.caririemacao.com\/1\/wp-json\/wp\/v2\/posts\/138787","targetHints":{"allow":["GET"]}}],"collection":[{"href":"https:\/\/www.caririemacao.com\/1\/wp-json\/wp\/v2\/posts"}],"about":[{"href":"https:\/\/www.caririemacao.com\/1\/wp-json\/wp\/v2\/types\/post"}],"author":[{"embeddable":true,"href":"https:\/\/www.caririemacao.com\/1\/wp-json\/wp\/v2\/users\/1"}],"replies":[{"embeddable":true,"href":"https:\/\/www.caririemacao.com\/1\/wp-json\/wp\/v2\/comments?post=138787"}],"version-history":[{"count":1,"href":"https:\/\/www.caririemacao.com\/1\/wp-json\/wp\/v2\/posts\/138787\/revisions"}],"predecessor-version":[{"id":138788,"href":"https:\/\/www.caririemacao.com\/1\/wp-json\/wp\/v2\/posts\/138787\/revisions\/138788"}],"wp:attachment":[{"href":"https:\/\/www.caririemacao.com\/1\/wp-json\/wp\/v2\/media?parent=138787"}],"wp:term":[{"taxonomy":"category","embeddable":true,"href":"https:\/\/www.caririemacao.com\/1\/wp-json\/wp\/v2\/categories?post=138787"},{"taxonomy":"post_tag","embeddable":true,"href":"https:\/\/www.caririemacao.com\/1\/wp-json\/wp\/v2\/tags?post=138787"}],"curies":[{"name":"wp","href":"https:\/\/api.w.org\/{rel}","templated":true}]}}