{"id":138791,"date":"2019-12-01T07:48:24","date_gmt":"2019-12-01T10:48:24","guid":{"rendered":"http:\/\/www.caririemacao.com\/1\/?p=138791"},"modified":"2019-12-01T07:48:24","modified_gmt":"2019-12-01T10:48:24","slug":"intelectus-e-cec-educacional-passam-a-ser-uma-so-instituicao-2","status":"publish","type":"post","link":"https:\/\/www.caririemacao.com\/1\/2019\/12\/01\/intelectus-e-cec-educacional-passam-a-ser-uma-so-instituicao-2\/","title":{"rendered":"INTELECTUS e CEC EDUCACIONAL passam a ser uma s\u00f3 institui\u00e7\u00e3o"},"content":{"rendered":"\n<p>Foi confirmada a jun\u00e7\u00e3o de duas das maiores institui\u00e7\u00f5es\u00a0\u00a0de ensino de Monteiro, se tornando um \u00fanico n\u00facleo.<br>A informa\u00e7\u00e3o foi confirmada pelo diretor do CEC EDUCACIONAL professor C\u00edcero Roberto, que esteve reunido com a diretora da escola INTELECTUS Iara Guedes.<br>De acordo com C\u00edcero Roberto, a jun\u00e7\u00e3o vai agregar valor ao CEC EDUCACIONAL, e aumentar a responsabilidade da institui\u00e7\u00e3o com a sociedade, assim como tamb\u00e9m com seus alunos e colaboradores.<br>\u201cO dia hoje foi de muita import\u00e2ncia, o CEC EDUCACIONAL, ganha uma irm\u00e3 e parceira A ESCOLA INTELECTUS, vem agregar juntamente com sua diretora Iara Guedes, para que formemos um s\u00f3 n\u00facleo e uma s\u00f3 Institui\u00e7\u00e3o de Educa\u00e7\u00e3o\u201d, anunciou C\u00edcero Roberto<br>\u201cParabenizamos a excelent\u00edssima Diretora por agregar valor \u00e0 nossa institui\u00e7\u00e3o, com isso aumenta a responsabilidade do CEC EDUCACIONAL com a sociedade, bem como com seus colaboradores e alunos\u201d, completou.<br>\u201cBem vindo INTELECTUS CURSOS. Daremos como sempre o nosso melhor. Avante CEC, Avante 2020, a escola que eu quero estudar\u201d, completou feliz.<br><\/p>\n\n\n\n<p>F\u00c1BIO BRITO<\/p>\n","protected":false},"excerpt":{"rendered":"<p>Foi confirmada a jun\u00e7\u00e3o de duas das maiores institui\u00e7\u00f5es\u00a0\u00a0de ensino de Monteiro, se tornando um \u00fanico n\u00facleo.A informa\u00e7\u00e3o foi confirmada pelo diretor do CEC EDUCACIONAL&hellip; <\/p>\n","protected":false},"author":1,"featured_media":138792,"comment_status":"closed","ping_status":"closed","sticky":false,"template":"","format":"standard","meta":{"sfsi_plus_gutenberg_text_before_share":"","sfsi_plus_gutenberg_show_text_before_share":"","sfsi_plus_gutenberg_icon_type":"","sfsi_plus_gutenberg_icon_alignemt":"","sfsi_plus_gutenburg_max_per_row":"","footnotes":""},"categories":[50,14],"tags":[],"class_list":["post-138791","post","type-post","status-publish","format-standard","has-post-thumbnail","hentry","category-destaque","category-educacao"],"_links":{"self":[{"href":"https:\/\/www.caririemacao.com\/1\/wp-json\/wp\/v2\/posts\/138791","targetHints":{"allow":["GET"]}}],"collection":[{"href":"https:\/\/www.caririemacao.com\/1\/wp-json\/wp\/v2\/posts"}],"about":[{"href":"https:\/\/www.caririemacao.com\/1\/wp-json\/wp\/v2\/types\/post"}],"author":[{"embeddable":true,"href":"https:\/\/www.caririemacao.com\/1\/wp-json\/wp\/v2\/users\/1"}],"replies":[{"embeddable":true,"href":"https:\/\/www.caririemacao.com\/1\/wp-json\/wp\/v2\/comments?post=138791"}],"version-history":[{"count":1,"href":"https:\/\/www.caririemacao.com\/1\/wp-json\/wp\/v2\/posts\/138791\/revisions"}],"predecessor-version":[{"id":138793,"href":"https:\/\/www.caririemacao.com\/1\/wp-json\/wp\/v2\/posts\/138791\/revisions\/138793"}],"wp:featuredmedia":[{"embeddable":true,"href":"https:\/\/www.caririemacao.com\/1\/wp-json\/wp\/v2\/media\/138792"}],"wp:attachment":[{"href":"https:\/\/www.caririemacao.com\/1\/wp-json\/wp\/v2\/media?parent=138791"}],"wp:term":[{"taxonomy":"category","embeddable":true,"href":"https:\/\/www.caririemacao.com\/1\/wp-json\/wp\/v2\/categories?post=138791"},{"taxonomy":"post_tag","embeddable":true,"href":"https:\/\/www.caririemacao.com\/1\/wp-json\/wp\/v2\/tags?post=138791"}],"curies":[{"name":"wp","href":"https:\/\/api.w.org\/{rel}","templated":true}]}}