{"id":138796,"date":"2019-12-01T07:50:23","date_gmt":"2019-12-01T10:50:23","guid":{"rendered":"http:\/\/www.caririemacao.com\/1\/?p=138796"},"modified":"2019-12-01T07:50:23","modified_gmt":"2019-12-01T10:50:23","slug":"onibus-com-42-adolescentes-capota-e-uma-pessoa-morre","status":"publish","type":"post","link":"https:\/\/www.caririemacao.com\/1\/2019\/12\/01\/onibus-com-42-adolescentes-capota-e-uma-pessoa-morre\/","title":{"rendered":"\u00d4nibus com 42 adolescentes capota e uma pessoa morre"},"content":{"rendered":"\n<p>Um \u00f4nibus com 42 adolescentes capotou no s\u00e1bado (30) de manh\u00e3 na estrada Rio-Santos, em Boi\u00e7ucanga, distrito de S\u00e3o Sebasti\u00e3o (litoral norte de S\u00e3o Paulo). O acidente provocou a morte de uma adolescente de 13 anos.<\/p>\n\n\n\n<p>O \u00f4nibus transportava o time Athenas Rugby, de Itanha\u00e9m (SP), rumo a Ilhabela (SP), onde seria realizado um evento esportivo.<\/p>\n\n\n\n<p>Segundo os bombeiros, a suspeita \u00e9 que o \u00f4nibus tenha perdido o freio em uma curva da Rio-Santos.<\/p>\n\n\n\n<p>De acordo com a corpora\u00e7\u00e3o, outras 12 pessoas est\u00e3o feridas, das quais duas est\u00e3o em estado grav\u00edssimo. O atendimento da maioria das v\u00edtimas foi no pronto-socorro de Boi\u00e7ucanga.<\/p>\n\n\n\n<p>Os outros 29 jovens sem ferimentos foram conduzidos ao posto de assist\u00eancia social, informaram os bombeiros pelo Twitter. O grupo \u00e9 formado por adolescentes entre 13 e 18 anos de idade.<\/p>\n\n\n\n<p>Segundo parentes de adolescentes que estavam no \u00f4nibus, os acidentados em situa\u00e7\u00e3o mais grave eram os que estavam na frente do ve\u00edculo.<\/p>\n\n\n\n<p>Um v\u00eddeo publicado por um parente de uma das v\u00edtimas dos acidente mostra os jovens sentados na estrada ap\u00f3s o acidente.<\/p>\n\n\n\n<p>Tio de uma das v\u00edtimas, o t\u00e9cnico em inform\u00e1tica Alex Oliveira afirmou que o sobrinho escapou sem ferimentos graves do acidente, mas est\u00e1 em estado de choque.<\/p>\n\n\n\n<p>Embora o nome da jovem que morreu ainda n\u00e3o tenha sido divulgado oficialmente, moradores de Itanha\u00e9m que a conheciam publicaram relatos sobre a jovem e lamentavam a morte nas redes sociais.<\/p>\n\n\n\n<p>Ao UOL, a empresa Grandino, cujo nome aparece na pintura do \u00f4nibus que capotou, afirmou que o ve\u00edculo foi vendido em 2016.<\/p>\n\n\n\n<p>A reportagem procurou o time Athenas por telefone, mas n\u00e3o obteve resposta.<\/p>\n\n\n\n<p><\/p>\n\n\n\n<p>UOL <\/p>\n","protected":false},"excerpt":{"rendered":"<p>Um \u00f4nibus com 42 adolescentes capotou no s\u00e1bado (30) de manh\u00e3 na estrada Rio-Santos, em Boi\u00e7ucanga, distrito de S\u00e3o Sebasti\u00e3o (litoral norte de S\u00e3o Paulo).&hellip; <\/p>\n","protected":false},"author":1,"featured_media":138797,"comment_status":"closed","ping_status":"closed","sticky":false,"template":"","format":"standard","meta":{"sfsi_plus_gutenberg_text_before_share":"","sfsi_plus_gutenberg_show_text_before_share":"","sfsi_plus_gutenberg_icon_type":"","sfsi_plus_gutenberg_icon_alignemt":"","sfsi_plus_gutenburg_max_per_row":"","footnotes":""},"categories":[12],"tags":[],"class_list":["post-138796","post","type-post","status-publish","format-standard","has-post-thumbnail","hentry","category-policia"],"_links":{"self":[{"href":"https:\/\/www.caririemacao.com\/1\/wp-json\/wp\/v2\/posts\/138796","targetHints":{"allow":["GET"]}}],"collection":[{"href":"https:\/\/www.caririemacao.com\/1\/wp-json\/wp\/v2\/posts"}],"about":[{"href":"https:\/\/www.caririemacao.com\/1\/wp-json\/wp\/v2\/types\/post"}],"author":[{"embeddable":true,"href":"https:\/\/www.caririemacao.com\/1\/wp-json\/wp\/v2\/users\/1"}],"replies":[{"embeddable":true,"href":"https:\/\/www.caririemacao.com\/1\/wp-json\/wp\/v2\/comments?post=138796"}],"version-history":[{"count":1,"href":"https:\/\/www.caririemacao.com\/1\/wp-json\/wp\/v2\/posts\/138796\/revisions"}],"predecessor-version":[{"id":138798,"href":"https:\/\/www.caririemacao.com\/1\/wp-json\/wp\/v2\/posts\/138796\/revisions\/138798"}],"wp:featuredmedia":[{"embeddable":true,"href":"https:\/\/www.caririemacao.com\/1\/wp-json\/wp\/v2\/media\/138797"}],"wp:attachment":[{"href":"https:\/\/www.caririemacao.com\/1\/wp-json\/wp\/v2\/media?parent=138796"}],"wp:term":[{"taxonomy":"category","embeddable":true,"href":"https:\/\/www.caririemacao.com\/1\/wp-json\/wp\/v2\/categories?post=138796"},{"taxonomy":"post_tag","embeddable":true,"href":"https:\/\/www.caririemacao.com\/1\/wp-json\/wp\/v2\/tags?post=138796"}],"curies":[{"name":"wp","href":"https:\/\/api.w.org\/{rel}","templated":true}]}}