{"id":138813,"date":"2019-12-01T07:55:45","date_gmt":"2019-12-01T10:55:45","guid":{"rendered":"http:\/\/www.caririemacao.com\/1\/?p=138813"},"modified":"2019-12-01T07:55:45","modified_gmt":"2019-12-01T10:55:45","slug":"confira-a-previsao-do-tempo-para-este-domingo-em-toda-paraiba-13","status":"publish","type":"post","link":"https:\/\/www.caririemacao.com\/1\/2019\/12\/01\/confira-a-previsao-do-tempo-para-este-domingo-em-toda-paraiba-13\/","title":{"rendered":"Confira a previs\u00e3o do tempo para este domingo em toda Para\u00edba"},"content":{"rendered":"\n<p>Permanecem as condi\u00e7\u00f5es de reduzida nebulosidade sobre o estado da Para\u00edba, com isto o sol e calor dever\u00e3o predominar, especialmente no per\u00edodo da tarde. Temperaturas mais elevadas dever\u00e3o ser registradas nas regi\u00f5es do Sert\u00e3o, Alto Sert\u00e3o e Cariri\/Curimata\u00fa.<\/p>\n\n\n\n<figure class=\"wp-block-image\"><img decoding=\"async\" data-src=\"https:\/\/paraibaonline.com.br\/wp-content\/uploads\/2019\/12\/tempo0112-567x341.jpg\" alt=\"\" class=\"wp-image-822372 lazyload\" src=\"data:image\/svg+xml;base64,PHN2ZyB3aWR0aD0iMSIgaGVpZ2h0PSIxIiB4bWxucz0iaHR0cDovL3d3dy53My5vcmcvMjAwMC9zdmciPjwvc3ZnPg==\" style=\"--smush-placeholder-width: 567px; --smush-placeholder-aspect-ratio: 567\/341;\" \/><\/figure>\n\n\n\n<p>* Fonte: Aesa<\/p>\n","protected":false},"excerpt":{"rendered":"<p>Permanecem as condi\u00e7\u00f5es de reduzida nebulosidade sobre o estado da Para\u00edba, com isto o sol e calor dever\u00e3o predominar, especialmente no per\u00edodo da tarde. Temperaturas&hellip; <\/p>\n","protected":false},"author":1,"featured_media":138814,"comment_status":"closed","ping_status":"closed","sticky":false,"template":"","format":"standard","meta":{"sfsi_plus_gutenberg_text_before_share":"","sfsi_plus_gutenberg_show_text_before_share":"","sfsi_plus_gutenberg_icon_type":"","sfsi_plus_gutenberg_icon_alignemt":"","sfsi_plus_gutenburg_max_per_row":"","footnotes":""},"categories":[6],"tags":[],"class_list":["post-138813","post","type-post","status-publish","format-standard","has-post-thumbnail","hentry","category-cidades"],"_links":{"self":[{"href":"https:\/\/www.caririemacao.com\/1\/wp-json\/wp\/v2\/posts\/138813","targetHints":{"allow":["GET"]}}],"collection":[{"href":"https:\/\/www.caririemacao.com\/1\/wp-json\/wp\/v2\/posts"}],"about":[{"href":"https:\/\/www.caririemacao.com\/1\/wp-json\/wp\/v2\/types\/post"}],"author":[{"embeddable":true,"href":"https:\/\/www.caririemacao.com\/1\/wp-json\/wp\/v2\/users\/1"}],"replies":[{"embeddable":true,"href":"https:\/\/www.caririemacao.com\/1\/wp-json\/wp\/v2\/comments?post=138813"}],"version-history":[{"count":1,"href":"https:\/\/www.caririemacao.com\/1\/wp-json\/wp\/v2\/posts\/138813\/revisions"}],"predecessor-version":[{"id":138815,"href":"https:\/\/www.caririemacao.com\/1\/wp-json\/wp\/v2\/posts\/138813\/revisions\/138815"}],"wp:featuredmedia":[{"embeddable":true,"href":"https:\/\/www.caririemacao.com\/1\/wp-json\/wp\/v2\/media\/138814"}],"wp:attachment":[{"href":"https:\/\/www.caririemacao.com\/1\/wp-json\/wp\/v2\/media?parent=138813"}],"wp:term":[{"taxonomy":"category","embeddable":true,"href":"https:\/\/www.caririemacao.com\/1\/wp-json\/wp\/v2\/categories?post=138813"},{"taxonomy":"post_tag","embeddable":true,"href":"https:\/\/www.caririemacao.com\/1\/wp-json\/wp\/v2\/tags?post=138813"}],"curies":[{"name":"wp","href":"https:\/\/api.w.org\/{rel}","templated":true}]}}