{"id":138831,"date":"2019-12-01T08:03:02","date_gmt":"2019-12-01T11:03:02","guid":{"rendered":"http:\/\/www.caririemacao.com\/1\/?p=138831"},"modified":"2019-12-01T08:03:02","modified_gmt":"2019-12-01T11:03:02","slug":"bolsonaro-diz-que-governo-nao-atuara-para-baixar-o-preco-da-carne","status":"publish","type":"post","link":"https:\/\/www.caririemacao.com\/1\/2019\/12\/01\/bolsonaro-diz-que-governo-nao-atuara-para-baixar-o-preco-da-carne\/","title":{"rendered":"Bolsonaro diz que governo n\u00e3o atuar\u00e1 para baixar o pre\u00e7o da carne"},"content":{"rendered":"\n<p>O presidente Jair Bolsonaro disse (30) que n\u00e3o vai interferir no pre\u00e7o da carne bovina, que no mercado atacadista teve alta m\u00e9dia de 22,9%. Segundo ele, \u00e9 o mercado quem define o pre\u00e7o do produto. Ele, no entanto, disse acreditar que o pre\u00e7o do produto deve baixar.<\/p>\n\n\n\n<p>\u201cQuero deixar bem claro que esse neg\u00f3cio da carne \u00e9 a lei da oferta e da procura. N\u00e3o posso tabelar, inventar. Isso n\u00e3o vai dar certo\u201d, disse o presidente na chegada ao Pal\u00e1cio do Alvorada, ap\u00f3s viagem a Resende (RJ), onde participou da inaugura\u00e7\u00e3o da 8\u00aa cascata de ultracentr\u00edfugas, na F\u00e1brica de Combust\u00edvel Nuclear (FCN).<\/p>\n\n\n\n<p>\u201cTivemos uma pequena crise agora [no pre\u00e7o da carne] mas vai melhorar. A carne aqui, internamente, daqui a algum tempo, acho que vai diminuir o pre\u00e7o\u201d, completou, dirigindo-se a um dos populares que o aguardavam no local.<\/p>\n\n\n\n<p>No fechamento de novembro, o a<a href=\"http:\/\/agenciabrasil.ebc.com.br\/politica\/noticia\/2019-11\/bolsonaro-liga-para-presidente-uruguaio-eleito-e-confirma-ida-posse\" target=\"_blank\" rel=\"noreferrer noopener\">umento nos pre\u00e7os da carne bovina<\/a>&nbsp;desossada no mercado atacadista foi de 22,9% na m\u00e9dia de todos os cortes pesquisados, de acordo com a Scot Consultoria.<\/p>\n\n\n\n<p>J\u00e1 os pre\u00e7os da carne bovina vendida em supermercados e a\u00e7ougues de S\u00e3o Paulo registraram uma alta de 8%, na m\u00e9dia de todos os cortes, segundo a consultoria. No Paran\u00e1 a alta tamb\u00e9m foi consistente, 3,5%. J\u00e1 no Rio de Janeiro e em Minas Gerais as varia\u00e7\u00f5es foram mais t\u00edmidas, de 0,2% e 1%, respectivamente.<\/p>\n","protected":false},"excerpt":{"rendered":"<p>O presidente Jair Bolsonaro disse (30) que n\u00e3o vai interferir no pre\u00e7o da carne bovina, que no mercado atacadista teve alta m\u00e9dia de 22,9%. Segundo&hellip; <\/p>\n","protected":false},"author":1,"featured_media":110729,"comment_status":"closed","ping_status":"closed","sticky":false,"template":"","format":"standard","meta":{"sfsi_plus_gutenberg_text_before_share":"","sfsi_plus_gutenberg_show_text_before_share":"","sfsi_plus_gutenberg_icon_type":"","sfsi_plus_gutenberg_icon_alignemt":"","sfsi_plus_gutenburg_max_per_row":"","footnotes":""},"categories":[11],"tags":[],"class_list":["post-138831","post","type-post","status-publish","format-standard","has-post-thumbnail","hentry","category-politica"],"_links":{"self":[{"href":"https:\/\/www.caririemacao.com\/1\/wp-json\/wp\/v2\/posts\/138831","targetHints":{"allow":["GET"]}}],"collection":[{"href":"https:\/\/www.caririemacao.com\/1\/wp-json\/wp\/v2\/posts"}],"about":[{"href":"https:\/\/www.caririemacao.com\/1\/wp-json\/wp\/v2\/types\/post"}],"author":[{"embeddable":true,"href":"https:\/\/www.caririemacao.com\/1\/wp-json\/wp\/v2\/users\/1"}],"replies":[{"embeddable":true,"href":"https:\/\/www.caririemacao.com\/1\/wp-json\/wp\/v2\/comments?post=138831"}],"version-history":[{"count":1,"href":"https:\/\/www.caririemacao.com\/1\/wp-json\/wp\/v2\/posts\/138831\/revisions"}],"predecessor-version":[{"id":138832,"href":"https:\/\/www.caririemacao.com\/1\/wp-json\/wp\/v2\/posts\/138831\/revisions\/138832"}],"wp:featuredmedia":[{"embeddable":true,"href":"https:\/\/www.caririemacao.com\/1\/wp-json\/wp\/v2\/media\/110729"}],"wp:attachment":[{"href":"https:\/\/www.caririemacao.com\/1\/wp-json\/wp\/v2\/media?parent=138831"}],"wp:term":[{"taxonomy":"category","embeddable":true,"href":"https:\/\/www.caririemacao.com\/1\/wp-json\/wp\/v2\/categories?post=138831"},{"taxonomy":"post_tag","embeddable":true,"href":"https:\/\/www.caririemacao.com\/1\/wp-json\/wp\/v2\/tags?post=138831"}],"curies":[{"name":"wp","href":"https:\/\/api.w.org\/{rel}","templated":true}]}}