{"id":138835,"date":"2019-12-01T08:05:03","date_gmt":"2019-12-01T11:05:03","guid":{"rendered":"http:\/\/www.caririemacao.com\/1\/?p=138835"},"modified":"2019-12-01T08:05:03","modified_gmt":"2019-12-01T11:05:03","slug":"prefeitura-de-sao-sebastiao-do-umbuzeiro-encerra-novembro-azul-com-diversas-acoes-para-o-homem","status":"publish","type":"post","link":"https:\/\/www.caririemacao.com\/1\/2019\/12\/01\/prefeitura-de-sao-sebastiao-do-umbuzeiro-encerra-novembro-azul-com-diversas-acoes-para-o-homem\/","title":{"rendered":"Prefeitura de S\u00e3o Sebasti\u00e3o do Umbuzeiro encerra Novembro Azul com Diversas A\u00e7\u00f5es para o Homem"},"content":{"rendered":"\n<p><br>A Prefeitura de S\u00e3o Sebasti\u00e3o do Umbuzeiro, atrav\u00e9s da Secretaria Municipal de sa\u00fade realizaram durante o m\u00eas de novembro, a\u00e7\u00f5es de preven\u00e7\u00e3o ao c\u00e2ncer de pr\u00f3stata e promo\u00e7\u00e3o da sa\u00fade do homem nas unidades de Sa\u00fade da Fam\u00edlia da Zona Rural e Urbana.<br><\/p>\n\n\n\n<p>A campanha Novembro Azul tem o objetivo de alertar sobre a import\u00e2ncia da preven\u00e7\u00e3o e do diagn\u00f3stico precoce do c\u00e2ncer de pr\u00f3stata. \u201cEsta a\u00e7\u00e3o buscar incentivar os homens a adotarem h\u00e1bitos saud\u00e1veis e diminuir o risco de v\u00e1rias doen\u00e7as, inclusive o c\u00e2ncer\u201d. Durante o m\u00eas foram realizadas testes de PSA nas Unidades rurais Santo Ant\u00f4nio, M\u00e3o Beijada e na ESF1 S\u00e3o Sebasti\u00e3o do Umbuzeiro. O Laborat\u00f3rio de An\u00e1lise Cl\u00ednica do Munic\u00edpio Realizar durante todo ano esses Testes PSA.<br><\/p>\n\n\n\n<p>No \u00faltimo dia 28 de Novembro de 2019, foi realizada Palestra; Atendimento M\u00e9dico; Entrega de Resultados PSA; Distribui\u00e7\u00e3o de Brinde entre outras A\u00e7\u00f5es voltadas para popula\u00e7\u00e3o Masculina de S\u00e3o Sebasti\u00e3o do Umbuzeiro. A palestra foi minstrada por a Dra. Ana Sonaly \u2013 M\u00e9dica da Estrat\u00e9gia Sa\u00fade da Fam\u00edlia de S\u00e3o Sebasti\u00e3o do Umbuzeiro, a mesmo falou dos Sinais e sintomas do c\u00e2ncer de pr\u00f3stata<br><\/p>\n\n\n\n<p>Na fase inicial, o c\u00e2ncer de pr\u00f3stata pode n\u00e3o apresentar&nbsp;sintomas e, quando apresenta, os mais comuns s\u00e3o:<br>\u2022 dificuldade de urinar;<br>\u2022 demora em come\u00e7ar e&nbsp;terminar de urinar;<br>\u2022 sangue na urina;<br>\u2022 diminui\u00e7\u00e3o do jato de urina;<br>\u2022 necessidade de urinar mais&nbsp;vezes durante o dia ou \u00e0 noite.<br>Quais os fatores de risco.<br><\/p>\n\n\n\n<p>Idade: o risco aumenta com o avan\u00e7ar da idade. No Brasil, a cada dez homens diagnosticados com c\u00e2ncer de pr\u00f3stata, nove t\u00eam mais de 55 anos.<br>Hist\u00f3rico de c\u00e2ncer na fam\u00edlia: homens cujo o pai, av\u00f4 ou irm\u00e3o tiveram c\u00e2ncer de pr\u00f3stata antes dos 60 anos, fazem parte do grupo de risco.<br>Sobrepeso e obesidade: estudos recentes mostram maior risco de c\u00e2ncer de pr\u00f3stata em homens com peso corporal mais elevado.<\/p>\n\n\n\n<p>O evento de encerramento do Novembro Azul na luta contra o c\u00e2ncer de pr\u00f3stata lembra o Secret\u00e1rio de Sa\u00fade que a luta a preven\u00e7\u00e3o de doen\u00e7as s\u00e3o di\u00e1rias.<\/p>\n","protected":false},"excerpt":{"rendered":"<p>A Prefeitura de S\u00e3o Sebasti\u00e3o do Umbuzeiro, atrav\u00e9s da Secretaria Municipal de sa\u00fade realizaram durante o m\u00eas de novembro, a\u00e7\u00f5es de preven\u00e7\u00e3o ao c\u00e2ncer de&hellip; <\/p>\n","protected":false},"author":1,"featured_media":138836,"comment_status":"closed","ping_status":"closed","sticky":false,"template":"","format":"standard","meta":{"sfsi_plus_gutenberg_text_before_share":"","sfsi_plus_gutenberg_show_text_before_share":"","sfsi_plus_gutenberg_icon_type":"","sfsi_plus_gutenberg_icon_alignemt":"","sfsi_plus_gutenburg_max_per_row":"","footnotes":""},"categories":[2],"tags":[],"class_list":["post-138835","post","type-post","status-publish","format-standard","has-post-thumbnail","hentry","category-geral"],"_links":{"self":[{"href":"https:\/\/www.caririemacao.com\/1\/wp-json\/wp\/v2\/posts\/138835","targetHints":{"allow":["GET"]}}],"collection":[{"href":"https:\/\/www.caririemacao.com\/1\/wp-json\/wp\/v2\/posts"}],"about":[{"href":"https:\/\/www.caririemacao.com\/1\/wp-json\/wp\/v2\/types\/post"}],"author":[{"embeddable":true,"href":"https:\/\/www.caririemacao.com\/1\/wp-json\/wp\/v2\/users\/1"}],"replies":[{"embeddable":true,"href":"https:\/\/www.caririemacao.com\/1\/wp-json\/wp\/v2\/comments?post=138835"}],"version-history":[{"count":1,"href":"https:\/\/www.caririemacao.com\/1\/wp-json\/wp\/v2\/posts\/138835\/revisions"}],"predecessor-version":[{"id":138837,"href":"https:\/\/www.caririemacao.com\/1\/wp-json\/wp\/v2\/posts\/138835\/revisions\/138837"}],"wp:featuredmedia":[{"embeddable":true,"href":"https:\/\/www.caririemacao.com\/1\/wp-json\/wp\/v2\/media\/138836"}],"wp:attachment":[{"href":"https:\/\/www.caririemacao.com\/1\/wp-json\/wp\/v2\/media?parent=138835"}],"wp:term":[{"taxonomy":"category","embeddable":true,"href":"https:\/\/www.caririemacao.com\/1\/wp-json\/wp\/v2\/categories?post=138835"},{"taxonomy":"post_tag","embeddable":true,"href":"https:\/\/www.caririemacao.com\/1\/wp-json\/wp\/v2\/tags?post=138835"}],"curies":[{"name":"wp","href":"https:\/\/api.w.org\/{rel}","templated":true}]}}