{"id":138844,"date":"2019-12-01T08:10:40","date_gmt":"2019-12-01T11:10:40","guid":{"rendered":"http:\/\/www.caririemacao.com\/1\/?p=138844"},"modified":"2019-12-01T08:10:40","modified_gmt":"2019-12-01T11:10:40","slug":"novembro-azul-caraubas-e-barreiras-se-unem-na-prevencao-do-cancer-da-prostata","status":"publish","type":"post","link":"https:\/\/www.caririemacao.com\/1\/2019\/12\/01\/novembro-azul-caraubas-e-barreiras-se-unem-na-prevencao-do-cancer-da-prostata\/","title":{"rendered":"NOVEMBRO AZUL: Cara\u00fabas e Barreiras se unem na preven\u00e7\u00e3o do c\u00e2ncer da pr\u00f3stata"},"content":{"rendered":"\n<p>Diferente de anos anteriores durante a Campanha Novembro Azul, este ano as equipes da sa\u00fade do Distrito de Barreiras e da cidade de Cara\u00fabas elaboraram juntas uma programa\u00e7\u00e3o bastante diversificada para atender a demanda de homens participantes da preven\u00e7\u00e3o ao c\u00e2ncer da pr\u00f3stata.No \u00faltimo dia 20, a programa\u00e7\u00e3o foi realizada no Distrito de Barreiras e contou com a participa\u00e7\u00e3o de mais de 100(cem) homens que lotaram as depend\u00eancias da UBS II. Foram realizadas palestras de orienta\u00e7\u00e3o coordenada por Doutor Reinier Miranda Marques, coordenador da Aten\u00e7\u00e3o B\u00e1sica do munic\u00edpio, por Daniel Guimar\u00e3es cirurgi\u00e3o dentista e Dr. Tiago que falou a plateia presente.Participaram da programa\u00e7\u00e3o o prefeito Silvano Dudu, a vereadora e primeira dama do munic\u00edpio, Neide de Assis, o presidente da C\u00e2mara Municipal de Vereadores, Nero Soares, bem como, os veredores, Tomaz Bezerra e Teinha l\u00edder da bancada da situa\u00e7\u00e3o. A solenidade contou ainda com a participa\u00e7\u00e3o dos secret\u00e1rios municipais da sa\u00fade Leonardo Eneas, Rone Feitoza da Agricultura e do jornalista Eduardo Belo do Planejamento, Comunica\u00e7\u00e3o e Gest\u00e3o.Ap\u00f3s as palestras ainda houve um depoimento do secret\u00e1rio do planejamento com o objetivo de desmistificar a popula\u00e7\u00e3o masculina que em sua grande maioria ainda adota o preconceito na hora de realizar o exame do toque retal. Houve a distribui\u00e7\u00e3o de brindes com os participantes e uma pequena aula aer\u00f3bica. Ao final foi servidor um lanche aos presentes.O encerramento oficial da campanha aconteceu nesta quinta-feira, dia 28\/11, na cidade de Cara\u00fabas quando sob a coordena\u00e7\u00e3o da ESF I foi realizada uma cavalgada da preven\u00e7\u00e3o percorrendo as principais ruas da cidade, cantoria, palestras, sorteio de brindes e a realiza\u00e7\u00e3o de exames de PSA.Mais de 130(cento e trinta) homens compareceram ao Centro de Apoio ao Produtor Rural localizado na Secretaria da Agricultura para prestigiar uma tarde e noite de informa\u00e7\u00e3o e preven\u00e7\u00e3o. Estiveram presentes al\u00e9m do prefeito Silvano Dudu, o vice prefeito Z\u00e9 de Laura, a primeira dama e vereadora Neide de Assis, os vereadores presidente Nero Soares, Teinha, Tomaz, Fabinho da Passagem, secret\u00e1rios municipais da Sa\u00fade, Leonardo Eneas, da Agricultura Rone Feitoza, do transporte Renivaldo Neves, das Finan\u00e7as Silvio Fernandes. O evento contou ainda com a participa\u00e7\u00e3o do m\u00e9dico cardiologista Dr. Natanael Bahia e da sua esposa e m\u00e9dica do Programa Mais M\u00e9dicos, Caliandra Vasconcelos, profissionais da ESF e da popula\u00e7\u00e3o masculina.De acordo com o prefeito Silvano Dudu a cada ano o evento dedicado \u00e0s mulheres e aos homens vem tomando corpo e as pessoas est\u00e3o se conscientizando da import\u00e2ncia da preven\u00e7\u00e3o. J\u00e1 s\u00e3o centenas de pessoas participando das campanhas do Outubro Rosa e agora do Novembro Azul. Precisamos nos conscientizar mais ainda de que essa \u00e9 uma corrida pela vida, por isso temos que deixar de lado o medo, o preconceito e at\u00e9 mesmo a ignor\u00e2ncia para que possamos vencer a cada dia os obst\u00e1culos relacionados ao c\u00e2ncer que vem matando muito em nosso munic\u00edpio, afirmou ele.<br><\/p>\n\n\n\n<p>Fonte:\u00a0<strong>SEPLACOM<\/strong><\/p>\n\n\n\n<p>Foto:\u00a0<strong>Miguel Filho<\/strong><\/p>\n","protected":false},"excerpt":{"rendered":"<p>Diferente de anos anteriores durante a Campanha Novembro Azul, este ano as equipes da sa\u00fade do Distrito de Barreiras e da cidade de Cara\u00fabas elaboraram&hellip; <\/p>\n","protected":false},"author":1,"featured_media":138845,"comment_status":"closed","ping_status":"closed","sticky":false,"template":"","format":"standard","meta":{"sfsi_plus_gutenberg_text_before_share":"","sfsi_plus_gutenberg_show_text_before_share":"","sfsi_plus_gutenberg_icon_type":"","sfsi_plus_gutenberg_icon_alignemt":"","sfsi_plus_gutenburg_max_per_row":"","footnotes":""},"categories":[2],"tags":[],"class_list":["post-138844","post","type-post","status-publish","format-standard","has-post-thumbnail","hentry","category-geral"],"_links":{"self":[{"href":"https:\/\/www.caririemacao.com\/1\/wp-json\/wp\/v2\/posts\/138844","targetHints":{"allow":["GET"]}}],"collection":[{"href":"https:\/\/www.caririemacao.com\/1\/wp-json\/wp\/v2\/posts"}],"about":[{"href":"https:\/\/www.caririemacao.com\/1\/wp-json\/wp\/v2\/types\/post"}],"author":[{"embeddable":true,"href":"https:\/\/www.caririemacao.com\/1\/wp-json\/wp\/v2\/users\/1"}],"replies":[{"embeddable":true,"href":"https:\/\/www.caririemacao.com\/1\/wp-json\/wp\/v2\/comments?post=138844"}],"version-history":[{"count":1,"href":"https:\/\/www.caririemacao.com\/1\/wp-json\/wp\/v2\/posts\/138844\/revisions"}],"predecessor-version":[{"id":138846,"href":"https:\/\/www.caririemacao.com\/1\/wp-json\/wp\/v2\/posts\/138844\/revisions\/138846"}],"wp:featuredmedia":[{"embeddable":true,"href":"https:\/\/www.caririemacao.com\/1\/wp-json\/wp\/v2\/media\/138845"}],"wp:attachment":[{"href":"https:\/\/www.caririemacao.com\/1\/wp-json\/wp\/v2\/media?parent=138844"}],"wp:term":[{"taxonomy":"category","embeddable":true,"href":"https:\/\/www.caririemacao.com\/1\/wp-json\/wp\/v2\/categories?post=138844"},{"taxonomy":"post_tag","embeddable":true,"href":"https:\/\/www.caririemacao.com\/1\/wp-json\/wp\/v2\/tags?post=138844"}],"curies":[{"name":"wp","href":"https:\/\/api.w.org\/{rel}","templated":true}]}}