{"id":138862,"date":"2019-12-01T11:34:41","date_gmt":"2019-12-01T14:34:41","guid":{"rendered":"http:\/\/www.caririemacao.com\/1\/?p=138862"},"modified":"2019-12-01T11:34:41","modified_gmt":"2019-12-01T14:34:41","slug":"eleitores-de-oito-municipios-voltam-as-urnas-hoje-para-eleger-prefeitos","status":"publish","type":"post","link":"https:\/\/www.caririemacao.com\/1\/2019\/12\/01\/eleitores-de-oito-municipios-voltam-as-urnas-hoje-para-eleger-prefeitos\/","title":{"rendered":"Eleitores de oito munic\u00edpios voltam \u00e0s urnas hoje para eleger prefeitos"},"content":{"rendered":"\n<p>Novas elei\u00e7\u00f5es para os cargos de prefeito e vice est\u00e3o sendo realizadas neste domingo (1\u00ba) em oito munic\u00edpios. Nas localidades, os eleitos no pleito de 2016 foram cassados pela Justi\u00e7a Eleitoral e n\u00e3o poder\u00e3o continuar nos cargos.<\/p>\n\n\n\n<p>Os eleitores voltar\u00e3o \u00e0s urnas nos munic\u00edpios de Alto do Rodrigues e Cear\u00e1-Mirim, no Rio Grande do Norte; Aracoiaba, no Cear\u00e1; Bofete, no estado de S\u00e3o Paulo; Ibiti\u00fara de Minas, em Minas Gerais; Japor\u00e3, em Mato Grosso do Sul; Lajeado, no Tocantins; e S\u00e3o Francisco, em Sergipe.<\/p>\n\n\n\n<p>A vota\u00e7\u00e3o ser\u00e1 realizada pela urna eletr\u00f4nica. Os vencedores v\u00e3o exercer o mandato at\u00e9 o fim de 2020, ano em que novas elei\u00e7\u00f5es municipais ser\u00e3o realizadas em todo o pa\u00eds.<\/p>\n\n\n\n<p>As se\u00e7\u00f5es eleitorais ficar\u00e3o abertas das 8h \u00e0s 17h. Para votar, o eleitor dever\u00e1 levar um documento oficial com foto e o t\u00edtulo de eleitor.<\/p>\n\n\n\n<p>Segundo a Justi\u00e7a Eleitoral, apesar de n\u00e3o ser obrigat\u00f3ria a apresenta\u00e7\u00e3o do t\u00edtulo, o documento \u00e9 necess\u00e1rio para localizar a se\u00e7\u00e3o de vota\u00e7\u00e3o. Quem estiver com o aplicativo para celulares e-t\u00edtulo n\u00e3o precisar\u00e1 apresentar documento com foto.<\/p>\n\n\n\n<p><em>Com Mais PB<\/em><\/p>\n","protected":false},"excerpt":{"rendered":"<p>Novas elei\u00e7\u00f5es para os cargos de prefeito e vice est\u00e3o sendo realizadas neste domingo (1\u00ba) em oito munic\u00edpios. Nas localidades, os eleitos no pleito de&hellip; <\/p>\n","protected":false},"author":1,"featured_media":70062,"comment_status":"closed","ping_status":"closed","sticky":false,"template":"","format":"standard","meta":{"sfsi_plus_gutenberg_text_before_share":"","sfsi_plus_gutenberg_show_text_before_share":"","sfsi_plus_gutenberg_icon_type":"","sfsi_plus_gutenberg_icon_alignemt":"","sfsi_plus_gutenburg_max_per_row":"","footnotes":""},"categories":[11],"tags":[],"class_list":["post-138862","post","type-post","status-publish","format-standard","has-post-thumbnail","hentry","category-politica"],"_links":{"self":[{"href":"https:\/\/www.caririemacao.com\/1\/wp-json\/wp\/v2\/posts\/138862","targetHints":{"allow":["GET"]}}],"collection":[{"href":"https:\/\/www.caririemacao.com\/1\/wp-json\/wp\/v2\/posts"}],"about":[{"href":"https:\/\/www.caririemacao.com\/1\/wp-json\/wp\/v2\/types\/post"}],"author":[{"embeddable":true,"href":"https:\/\/www.caririemacao.com\/1\/wp-json\/wp\/v2\/users\/1"}],"replies":[{"embeddable":true,"href":"https:\/\/www.caririemacao.com\/1\/wp-json\/wp\/v2\/comments?post=138862"}],"version-history":[{"count":1,"href":"https:\/\/www.caririemacao.com\/1\/wp-json\/wp\/v2\/posts\/138862\/revisions"}],"predecessor-version":[{"id":138863,"href":"https:\/\/www.caririemacao.com\/1\/wp-json\/wp\/v2\/posts\/138862\/revisions\/138863"}],"wp:featuredmedia":[{"embeddable":true,"href":"https:\/\/www.caririemacao.com\/1\/wp-json\/wp\/v2\/media\/70062"}],"wp:attachment":[{"href":"https:\/\/www.caririemacao.com\/1\/wp-json\/wp\/v2\/media?parent=138862"}],"wp:term":[{"taxonomy":"category","embeddable":true,"href":"https:\/\/www.caririemacao.com\/1\/wp-json\/wp\/v2\/categories?post=138862"},{"taxonomy":"post_tag","embeddable":true,"href":"https:\/\/www.caririemacao.com\/1\/wp-json\/wp\/v2\/tags?post=138862"}],"curies":[{"name":"wp","href":"https:\/\/api.w.org\/{rel}","templated":true}]}}