{"id":138866,"date":"2019-12-01T11:41:34","date_gmt":"2019-12-01T14:41:34","guid":{"rendered":"http:\/\/www.caririemacao.com\/1\/?p=138866"},"modified":"2019-12-01T11:41:34","modified_gmt":"2019-12-01T14:41:34","slug":"governo-e-pesquisadores-descartam-problemas-com-vacina-contra-hpv","status":"publish","type":"post","link":"https:\/\/www.caririemacao.com\/1\/2019\/12\/01\/governo-e-pesquisadores-descartam-problemas-com-vacina-contra-hpv\/","title":{"rendered":"Governo e pesquisadores descartam problemas com vacina contra HPV"},"content":{"rendered":"\n<p>O Minist\u00e9rio da Sa\u00fade defendeu o resultado da avalia\u00e7\u00e3o de uma equipe de m\u00e9dicos da Universidade de S\u00e3o Paulo (USP) sobre o caso de rea\u00e7\u00f5es adversas a vacinas contra HPV em jovens no Acre. Segundo os profissionais, os pacientes tiveram uma crise \u201cpsicog\u00eanica\u201d, e n\u00e3o um problema em decorr\u00eancia da subst\u00e2ncia aplicada na imuniza\u00e7\u00e3o.<\/p>\n\n\n\n<p>A apresenta\u00e7\u00e3o ocorreu nessa semana, em Rio Branco, e contou com a presen\u00e7a de representantes da Secretaria de Sa\u00fade, do Minist\u00e9rio P\u00fablico e da Assembleia Legislativa do estado. Mais de 80 jovens apresentaram diversos sintomas ap\u00f3s tomar a vacina, dando origem a suspeitas disseminadas em redes sociais.<\/p>\n\n\n\n<p>A equipe de m\u00e9dicos da USP selecionou 12 jovens e observou-os para avaliar a condi\u00e7\u00e3o m\u00e9dica. O diagn\u00f3stico n\u00e3o indicou qualquer rea\u00e7\u00e3o \u00e0 subst\u00e2ncia, mas o que definiram como \u201ccrise n\u00e3o-epil\u00e9tica psicog\u00eanica\u201d. Os sintomas teriam emergido em raz\u00e3o de um conjunto de fatores, desde o receio em rela\u00e7\u00e3o \u00e0 pr\u00f3pria vacina at\u00e9 condi\u00e7\u00f5es socioecon\u00f4micas. A crise se espraiou entre as pessoas da regi\u00e3o.<\/p>\n\n\n\n<figure class=\"wp-block-image\"><img decoding=\"async\" data-src=\"http:\/\/imagens.ebc.com.br\/1D7vUT85i2l5xHJFVOQ6J3gETsU=\/754x0\/smart\/http:\/\/agenciabrasil.ebc.com.br\/sites\/default\/files\/thumbnails\/image\/hpv_1.jpg?itok=axjcTzLk\" alt=\"A equipe de m\u00e9dicos da USP selecionou 12 jovens e observou-os para avaliar a condi\u00e7\u00e3o m\u00e9dica\" src=\"data:image\/svg+xml;base64,PHN2ZyB3aWR0aD0iMSIgaGVpZ2h0PSIxIiB4bWxucz0iaHR0cDovL3d3dy53My5vcmcvMjAwMC9zdmciPjwvc3ZnPg==\" class=\"lazyload\" \/><\/figure>\n\n\n\n<p>A equipe de m\u00e9dicos da USP selecionou 12 jovens e observou-os para avaliar a condi\u00e7\u00e3o m\u00e9dica &#8211;&nbsp;<strong>Marcelo Camargo\/Ag\u00eancia Brasil<\/strong><\/p>\n\n\n\n<p>\u201cEsta doen\u00e7a ocorre em raz\u00e3o de um conjunto de problemas psicossociais. O fator estressante emocional \u00e9 a vacina\u00e7\u00e3o. N\u00e3o apenas o ato da vacina\u00e7\u00e3o, mas a cren\u00e7a compartilhada por aquele grupo de que a vacina pode ser perigosa. Essa apreens\u00e3o provoca nas pessoas que j\u00e1 s\u00e3o vulner\u00e1veis o surgimento dos sintomas, que s\u00e3o agravados por est\u00edmulos que v\u00e3o refor\u00e7ando a ocorr\u00eancia das crises\u201d, disse o m\u00e9dico da USP Renato Luiz Marchetti.<\/p>\n\n\n\n<p>Segundo ele, essa rea\u00e7\u00e3o j\u00e1 foi verificado em rela\u00e7\u00e3o a outros tipos de vacina, como as para o v\u00edrus H1N1, mal\u00e1ria e t\u00e9tano. Nesses casos, houve tamb\u00e9m um espraiamento \u201ca partir da cren\u00e7a compartilhado de que tem algo acontecendo\u201d.<\/p>\n\n\n\n<p>Marchetti disse ainda que se a vacina n\u00e3o foi a causadora, tampouco os pacientes fingiu a doen\u00e7a. Ele citou como elementos potencializadores da difus\u00e3o das crises tanto o tratamento equivocado na rede de sa\u00fade como a difus\u00e3o de conte\u00fados nas redes sociais.<\/p>\n\n\n\n<p>\u201cAlguns pacientes n\u00e3o tiveram problemas acolhidos adequadamente, receberam tratamentos incorretos. E houve o papel da rede social. Essas crises s\u00e3o suscet\u00edvel \u00e0 sugestionabilidade. As m\u00e3es postaram as crises e divulgaram na Internet, expondo a outras crian\u00e7as. E isso provoca o agravamento\u201d, avaliou.<\/p>\n\n\n\n<p>A consultora da Organiza\u00e7\u00e3o Pan-americana de Sa\u00fade (Opas) Maria Teresa da Costa ressaltou que mais de US$ 300 milh\u00f5es foram gastos em todo o mundo para examinar a efic\u00e1cia da vacina contra o HPV, que atestaram o car\u00e1ter seguro dela. Os eventos que ela pode produzir, acrescentou, s\u00e3o locais e de resolu\u00e7\u00e3o espont\u00e2nea, como dores, febre e mal estar localizados.<\/p>\n\n\n\n<p>Costa destacou a import\u00e2ncia da vacina\u00e7\u00e3o para prevenir a ocorr\u00eancia do c\u00e2ncer de colo de \u00fatero. \u201cEste c\u00e2ncer est\u00e1 matando mulheres e essa vacina protege em 100% para os tipos existentes. De concreto temos que o c\u00e2ncer mata e esta vacina previne e \u00e9 importante ser imunizado jovem pois melhora a resposta\u201d, defendeu a consultora.<\/p>\n\n\n\n<h2 class=\"wp-block-heading\">Esclarecimento<\/h2>\n\n\n\n<p>O representante do Minist\u00e9rio da Sa\u00fade no evento, J\u00falio Groda, refor\u00e7ou a an\u00e1lise da equipe m\u00e9dica e criticou a suspei\u00e7\u00e3o sobre o diagn\u00f3stico. Ele lembrou que o \u00f3rg\u00e3o possui um canal para fornecer esclarecimentos sobre not\u00edcias falsas acerca de temas sobre sa\u00fade. O canal pode ser acessado tanto pelo&nbsp;<em>site<\/em>&nbsp;da pasta (http:\/\/www.saude.gov.br\/fakenews) quanto pelo Whatsapp, no n\u00famero (61)99289-4640.<\/p>\n","protected":false},"excerpt":{"rendered":"<p>O Minist\u00e9rio da Sa\u00fade defendeu o resultado da avalia\u00e7\u00e3o de uma equipe de m\u00e9dicos da Universidade de S\u00e3o Paulo (USP) sobre o caso de rea\u00e7\u00f5es&hellip; <\/p>\n","protected":false},"author":1,"featured_media":136165,"comment_status":"closed","ping_status":"closed","sticky":false,"template":"","format":"standard","meta":{"sfsi_plus_gutenberg_text_before_share":"","sfsi_plus_gutenberg_show_text_before_share":"","sfsi_plus_gutenberg_icon_type":"","sfsi_plus_gutenberg_icon_alignemt":"","sfsi_plus_gutenburg_max_per_row":"","footnotes":""},"categories":[16],"tags":[],"class_list":["post-138866","post","type-post","status-publish","format-standard","has-post-thumbnail","hentry","category-saude"],"_links":{"self":[{"href":"https:\/\/www.caririemacao.com\/1\/wp-json\/wp\/v2\/posts\/138866","targetHints":{"allow":["GET"]}}],"collection":[{"href":"https:\/\/www.caririemacao.com\/1\/wp-json\/wp\/v2\/posts"}],"about":[{"href":"https:\/\/www.caririemacao.com\/1\/wp-json\/wp\/v2\/types\/post"}],"author":[{"embeddable":true,"href":"https:\/\/www.caririemacao.com\/1\/wp-json\/wp\/v2\/users\/1"}],"replies":[{"embeddable":true,"href":"https:\/\/www.caririemacao.com\/1\/wp-json\/wp\/v2\/comments?post=138866"}],"version-history":[{"count":1,"href":"https:\/\/www.caririemacao.com\/1\/wp-json\/wp\/v2\/posts\/138866\/revisions"}],"predecessor-version":[{"id":138867,"href":"https:\/\/www.caririemacao.com\/1\/wp-json\/wp\/v2\/posts\/138866\/revisions\/138867"}],"wp:featuredmedia":[{"embeddable":true,"href":"https:\/\/www.caririemacao.com\/1\/wp-json\/wp\/v2\/media\/136165"}],"wp:attachment":[{"href":"https:\/\/www.caririemacao.com\/1\/wp-json\/wp\/v2\/media?parent=138866"}],"wp:term":[{"taxonomy":"category","embeddable":true,"href":"https:\/\/www.caririemacao.com\/1\/wp-json\/wp\/v2\/categories?post=138866"},{"taxonomy":"post_tag","embeddable":true,"href":"https:\/\/www.caririemacao.com\/1\/wp-json\/wp\/v2\/tags?post=138866"}],"curies":[{"name":"wp","href":"https:\/\/api.w.org\/{rel}","templated":true}]}}