{"id":138873,"date":"2019-12-01T13:06:41","date_gmt":"2019-12-01T16:06:41","guid":{"rendered":"http:\/\/www.caririemacao.com\/1\/?p=138873"},"modified":"2019-12-01T13:06:41","modified_gmt":"2019-12-01T16:06:41","slug":"uepb-vai-ofertar-mais-de-3-mil-vagas-no-sisu-2020-1","status":"publish","type":"post","link":"https:\/\/www.caririemacao.com\/1\/2019\/12\/01\/uepb-vai-ofertar-mais-de-3-mil-vagas-no-sisu-2020-1\/","title":{"rendered":"UEPB vai ofertar mais de 3 mil vagas no Sisu 2020.1"},"content":{"rendered":"\n<p>O Conselho de Ensino, Pesquisa e Extens\u00e3o (Consepe) da Universidade Estadual da Para\u00edba (UEPB) aprovou a ades\u00e3o da Institui\u00e7\u00e3o ao Sistema de Sele\u00e7\u00e3o Unificada (SiSU) 2020.1 e, com isso, a Universidade ofertar\u00e1 3.025 vagas para ingresso em cursos de gradua\u00e7\u00e3o dos seus oito campi, conforme o Termo de Ades\u00e3o aprovado pelos conselheiros.<\/p>\n\n\n\n<p>A sele\u00e7\u00e3o para preenchimento das vagas disponibilizadas por meio do SiSU ser\u00e1 efetuada exclusivamente com base nos resultados das notas obtidas pelos estudantes no Exame Nacional do Ensino M\u00e9dio (Enem) 2019. Os estudantes interessados em concorrer \u00e0s vagas disponibilizadas pela UEPB dever\u00e3o verificar as informa\u00e7\u00f5es constantes do Termo de Ades\u00e3o da Institui\u00e7\u00e3o junto ao SiSU.<\/p>\n\n\n\n<p>O cronograma de inscri\u00e7\u00f5es de candidatos \u00e0s vagas ofertadas pela UEPB seguir\u00e1 os prazos definidos pelo Minist\u00e9rio da Educa\u00e7\u00e3o (MEC), que ainda ser\u00e3o divulgados no site&nbsp;<a target=\"_blank\" href=\"https:\/\/www.resumopb.com\/noticia\/www.sisu.mec.gov.br\/\" rel=\"noreferrer noopener\">www.sisu.mec.gov.br\/<\/a>.<\/p>\n\n\n\n<p>Os estudantes selecionados dever\u00e3o efetuar matr\u00edcula na Coordena\u00e7\u00e3o do Curso em que se inscreveu, mediante apresenta\u00e7\u00e3o dos seguintes documentos (com as respectivas c\u00f3pias autenticadas): Certificado de Conclus\u00e3o do Ensino M\u00e9dio e Hist\u00f3rico Escolar; RG; CPF; Prova de quita\u00e7\u00e3o com o Servi\u00e7o Militar (no caso de candidatos do sexo masculino); Registro de Nascimento ou Certid\u00e3o de Casamento, Prova de Quita\u00e7\u00e3o com o TRE (para maiores de 18 anos); e uma foto 3 x4 recente.<\/p>\n\n\n\n<p>Somente ser\u00e1 permitida a matr\u00edcula aos estudantes que apresentarem todos os documentos exigidos no Edital, n\u00e3o sendo permitida a complementa\u00e7\u00e3o de documentos posteriormente. Conforme o cronograma do MEC.<\/p>\n\n\n\n<p>As aulas do per\u00edodo letivo 2020.1 ser\u00e3o iniciadas no dia 17 de fevereiro, conforme calend\u00e1rio acad\u00eamico do referido semestre, tamb\u00e9m aprovado na reuni\u00e3o do Consepe. Outras informa\u00e7\u00f5es podem ser obtidas atrav\u00e9s dos telefones (83) 3315-3350 e 3315-3434.<\/p>\n","protected":false},"excerpt":{"rendered":"<p>O Conselho de Ensino, Pesquisa e Extens\u00e3o (Consepe) da Universidade Estadual da Para\u00edba (UEPB) aprovou a ades\u00e3o da Institui\u00e7\u00e3o ao Sistema de Sele\u00e7\u00e3o Unificada (SiSU)&hellip; <\/p>\n","protected":false},"author":1,"featured_media":99725,"comment_status":"closed","ping_status":"closed","sticky":false,"template":"","format":"standard","meta":{"sfsi_plus_gutenberg_text_before_share":"","sfsi_plus_gutenberg_show_text_before_share":"","sfsi_plus_gutenberg_icon_type":"","sfsi_plus_gutenberg_icon_alignemt":"","sfsi_plus_gutenburg_max_per_row":"","footnotes":""},"categories":[14],"tags":[],"class_list":["post-138873","post","type-post","status-publish","format-standard","has-post-thumbnail","hentry","category-educacao"],"_links":{"self":[{"href":"https:\/\/www.caririemacao.com\/1\/wp-json\/wp\/v2\/posts\/138873","targetHints":{"allow":["GET"]}}],"collection":[{"href":"https:\/\/www.caririemacao.com\/1\/wp-json\/wp\/v2\/posts"}],"about":[{"href":"https:\/\/www.caririemacao.com\/1\/wp-json\/wp\/v2\/types\/post"}],"author":[{"embeddable":true,"href":"https:\/\/www.caririemacao.com\/1\/wp-json\/wp\/v2\/users\/1"}],"replies":[{"embeddable":true,"href":"https:\/\/www.caririemacao.com\/1\/wp-json\/wp\/v2\/comments?post=138873"}],"version-history":[{"count":1,"href":"https:\/\/www.caririemacao.com\/1\/wp-json\/wp\/v2\/posts\/138873\/revisions"}],"predecessor-version":[{"id":138874,"href":"https:\/\/www.caririemacao.com\/1\/wp-json\/wp\/v2\/posts\/138873\/revisions\/138874"}],"wp:featuredmedia":[{"embeddable":true,"href":"https:\/\/www.caririemacao.com\/1\/wp-json\/wp\/v2\/media\/99725"}],"wp:attachment":[{"href":"https:\/\/www.caririemacao.com\/1\/wp-json\/wp\/v2\/media?parent=138873"}],"wp:term":[{"taxonomy":"category","embeddable":true,"href":"https:\/\/www.caririemacao.com\/1\/wp-json\/wp\/v2\/categories?post=138873"},{"taxonomy":"post_tag","embeddable":true,"href":"https:\/\/www.caririemacao.com\/1\/wp-json\/wp\/v2\/tags?post=138873"}],"curies":[{"name":"wp","href":"https:\/\/api.w.org\/{rel}","templated":true}]}}