{"id":138878,"date":"2019-12-01T13:27:35","date_gmt":"2019-12-01T16:27:35","guid":{"rendered":"http:\/\/www.caririemacao.com\/1\/?p=138878"},"modified":"2019-12-01T13:27:35","modified_gmt":"2019-12-01T16:27:35","slug":"em-sertania-homem-e-preso-apos-tentar-agredir-ex-companheira-e-sua-filha-menor-de-idade","status":"publish","type":"post","link":"https:\/\/www.caririemacao.com\/1\/2019\/12\/01\/em-sertania-homem-e-preso-apos-tentar-agredir-ex-companheira-e-sua-filha-menor-de-idade\/","title":{"rendered":"Em Sert\u00e2nia, homem \u00e9 preso ap\u00f3s tentar agredir ex-companheira e sua filha menor de idade"},"content":{"rendered":"\n<p>Neste s\u00e1bado, dia 30, a&nbsp;v\u00edtima, uma mulher de 19 anos de idade, solicitou o policiamento relatando que&nbsp; o seu ex-companheiro teria invadido a sua resid\u00eancia com uma faca na m\u00e3o, tentou agredir a sua filha&nbsp; menor de idade, como tamb\u00e9m desferiu amea\u00e7as de morte contra a ela, que possui medida protetiva contra o imputado citado.<\/p>\n\n\n\n<p>A GT Extra fez dilig\u00eancias e localizou o imputado,um homem de 36 anos de idade,&nbsp; o mesmo foi conduzido a DP local aonde foi lavrado o flagrante delito.<\/p>\n","protected":false},"excerpt":{"rendered":"<p>Neste s\u00e1bado, dia 30, a&nbsp;v\u00edtima, uma mulher de 19 anos de idade, solicitou o policiamento relatando que&nbsp; o seu ex-companheiro teria invadido a sua resid\u00eancia&hellip; <\/p>\n","protected":false},"author":1,"featured_media":42238,"comment_status":"closed","ping_status":"closed","sticky":false,"template":"","format":"standard","meta":{"sfsi_plus_gutenberg_text_before_share":"","sfsi_plus_gutenberg_show_text_before_share":"","sfsi_plus_gutenberg_icon_type":"","sfsi_plus_gutenberg_icon_alignemt":"","sfsi_plus_gutenburg_max_per_row":"","footnotes":""},"categories":[12],"tags":[],"class_list":["post-138878","post","type-post","status-publish","format-standard","has-post-thumbnail","hentry","category-policia"],"_links":{"self":[{"href":"https:\/\/www.caririemacao.com\/1\/wp-json\/wp\/v2\/posts\/138878","targetHints":{"allow":["GET"]}}],"collection":[{"href":"https:\/\/www.caririemacao.com\/1\/wp-json\/wp\/v2\/posts"}],"about":[{"href":"https:\/\/www.caririemacao.com\/1\/wp-json\/wp\/v2\/types\/post"}],"author":[{"embeddable":true,"href":"https:\/\/www.caririemacao.com\/1\/wp-json\/wp\/v2\/users\/1"}],"replies":[{"embeddable":true,"href":"https:\/\/www.caririemacao.com\/1\/wp-json\/wp\/v2\/comments?post=138878"}],"version-history":[{"count":1,"href":"https:\/\/www.caririemacao.com\/1\/wp-json\/wp\/v2\/posts\/138878\/revisions"}],"predecessor-version":[{"id":138879,"href":"https:\/\/www.caririemacao.com\/1\/wp-json\/wp\/v2\/posts\/138878\/revisions\/138879"}],"wp:featuredmedia":[{"embeddable":true,"href":"https:\/\/www.caririemacao.com\/1\/wp-json\/wp\/v2\/media\/42238"}],"wp:attachment":[{"href":"https:\/\/www.caririemacao.com\/1\/wp-json\/wp\/v2\/media?parent=138878"}],"wp:term":[{"taxonomy":"category","embeddable":true,"href":"https:\/\/www.caririemacao.com\/1\/wp-json\/wp\/v2\/categories?post=138878"},{"taxonomy":"post_tag","embeddable":true,"href":"https:\/\/www.caririemacao.com\/1\/wp-json\/wp\/v2\/tags?post=138878"}],"curies":[{"name":"wp","href":"https:\/\/api.w.org\/{rel}","templated":true}]}}