{"id":138889,"date":"2019-12-01T15:00:29","date_gmt":"2019-12-01T18:00:29","guid":{"rendered":"http:\/\/www.caririemacao.com\/1\/?p=138889"},"modified":"2019-12-01T15:00:29","modified_gmt":"2019-12-01T18:00:29","slug":"prefeito-de-caraubas-participa-do-festival-do-couro-em-cabaceiras-ao-lado-do-deputado-adriano-galdino","status":"publish","type":"post","link":"https:\/\/www.caririemacao.com\/1\/2019\/12\/01\/prefeito-de-caraubas-participa-do-festival-do-couro-em-cabaceiras-ao-lado-do-deputado-adriano-galdino\/","title":{"rendered":"Prefeito de Cara\u00fabas participa do Festival do Couro em Cabaceiras ao lado do deputado Adriano Galdino"},"content":{"rendered":"\n<p>O prefeito de Cara\u00fabas, Silvano Dudu e uma comitiva formada pelo vice-prefeito Z\u00e9 de Laura, o presidente da C\u00e2mara de Vereadores, Nero Soares, vereador Tomaz, vereador Teinha, secret\u00e1rio de Agricultura, Roni Feitosa e Humberto, participaram da programa\u00e7\u00e3o de visita do presidente da Assembleia Legislativa da Para\u00edba, Adriano Galdino, a ExpoCouroBode \u2013 Festival Nacional do Couro de Bode, no distrito de Ribeira de Cabaceiras, no \u00faltimo s\u00e1bado (30).<\/p>\n\n\n\n<p>A comitiva visitou os pontos como a usina de beneficiamento de leite de cabra, curtume, oficinas de artesanato em couro, a Cooperativa Arteza e participou da audi\u00eancia da Assembleia Legislativa que debateu melhorias para a arte do couro e discutiu as potencialidades de outras cidades do Cariri, no tocante ao empreendedorismo.<\/p>\n\n\n\n<p>\u201cTivemos um dia muito produtivo conhecendo o trabalho desenvolvido pelo munic\u00edpio de Cabaceiras que \u00e9 administrado por um grande amigo, o prefeito Tiago Castro, e na oportunidade despachei alguns pleitos da nossa cidade com o deputado Adriano Galdino que recebeu algumas solicita\u00e7\u00f5es nossa de investimentos e melhorias para o povo de Cara\u00fabas,&nbsp; disse o prefeito Silvano Dudu.<\/p>\n\n\n\n<p><strong>Blog do Bruno Lira<\/strong><\/p>\n","protected":false},"excerpt":{"rendered":"<p>O prefeito de Cara\u00fabas, Silvano Dudu e uma comitiva formada pelo vice-prefeito Z\u00e9 de Laura, o presidente da C\u00e2mara de Vereadores, Nero Soares, vereador Tomaz,&hellip; <\/p>\n","protected":false},"author":1,"featured_media":138891,"comment_status":"closed","ping_status":"closed","sticky":false,"template":"","format":"standard","meta":{"sfsi_plus_gutenberg_text_before_share":"","sfsi_plus_gutenberg_show_text_before_share":"","sfsi_plus_gutenberg_icon_type":"","sfsi_plus_gutenberg_icon_alignemt":"","sfsi_plus_gutenburg_max_per_row":"","footnotes":""},"categories":[6],"tags":[],"class_list":["post-138889","post","type-post","status-publish","format-standard","has-post-thumbnail","hentry","category-cidades"],"_links":{"self":[{"href":"https:\/\/www.caririemacao.com\/1\/wp-json\/wp\/v2\/posts\/138889","targetHints":{"allow":["GET"]}}],"collection":[{"href":"https:\/\/www.caririemacao.com\/1\/wp-json\/wp\/v2\/posts"}],"about":[{"href":"https:\/\/www.caririemacao.com\/1\/wp-json\/wp\/v2\/types\/post"}],"author":[{"embeddable":true,"href":"https:\/\/www.caririemacao.com\/1\/wp-json\/wp\/v2\/users\/1"}],"replies":[{"embeddable":true,"href":"https:\/\/www.caririemacao.com\/1\/wp-json\/wp\/v2\/comments?post=138889"}],"version-history":[{"count":1,"href":"https:\/\/www.caririemacao.com\/1\/wp-json\/wp\/v2\/posts\/138889\/revisions"}],"predecessor-version":[{"id":138892,"href":"https:\/\/www.caririemacao.com\/1\/wp-json\/wp\/v2\/posts\/138889\/revisions\/138892"}],"wp:featuredmedia":[{"embeddable":true,"href":"https:\/\/www.caririemacao.com\/1\/wp-json\/wp\/v2\/media\/138891"}],"wp:attachment":[{"href":"https:\/\/www.caririemacao.com\/1\/wp-json\/wp\/v2\/media?parent=138889"}],"wp:term":[{"taxonomy":"category","embeddable":true,"href":"https:\/\/www.caririemacao.com\/1\/wp-json\/wp\/v2\/categories?post=138889"},{"taxonomy":"post_tag","embeddable":true,"href":"https:\/\/www.caririemacao.com\/1\/wp-json\/wp\/v2\/tags?post=138889"}],"curies":[{"name":"wp","href":"https:\/\/api.w.org\/{rel}","templated":true}]}}