{"id":138896,"date":"2019-12-01T15:05:11","date_gmt":"2019-12-01T18:05:11","guid":{"rendered":"http:\/\/www.caririemacao.com\/1\/?p=138896"},"modified":"2019-12-01T15:05:11","modified_gmt":"2019-12-01T18:05:11","slug":"sume-e-campeao-da-2a-copa-cariri-de-veteranos","status":"publish","type":"post","link":"https:\/\/www.caririemacao.com\/1\/2019\/12\/01\/sume-e-campeao-da-2a-copa-cariri-de-veteranos\/","title":{"rendered":"Sum\u00e9 \u00e9 campe\u00e3o da 2\u00aa Copa Cariri de Veteranos"},"content":{"rendered":"\n<p>Aconteceu na tarde deste\ns\u00e1bado, dia 30, a grande final da Copa Cariri de Veteranos envolvendo as equipe\nde Sum\u00e9 e Queimadas.<\/p>\n\n\n\n<p>No tempo normal, o jogo ficou em 2 a 2. Nos p\u00eanaltis a equipe sumeense venceu por 6 a 5 e se sagrou a grande campe\u00e3. <\/p>\n\n\n\n<p>A final foi realizada no\nEst\u00e1dio Valt\u00e3o, na cidade de Serra Branca, a partir das 15h.<\/p>\n","protected":false},"excerpt":{"rendered":"<p>Aconteceu na tarde deste s\u00e1bado, dia 30, a grande final da Copa Cariri de Veteranos envolvendo as equipe de Sum\u00e9 e Queimadas. No tempo normal,&hellip; <\/p>\n","protected":false},"author":2,"featured_media":138897,"comment_status":"closed","ping_status":"closed","sticky":false,"template":"","format":"standard","meta":{"sfsi_plus_gutenberg_text_before_share":"","sfsi_plus_gutenberg_show_text_before_share":"","sfsi_plus_gutenberg_icon_type":"","sfsi_plus_gutenberg_icon_alignemt":"","sfsi_plus_gutenburg_max_per_row":"","footnotes":""},"categories":[50,13],"tags":[],"class_list":["post-138896","post","type-post","status-publish","format-standard","has-post-thumbnail","hentry","category-destaque","category-esportes"],"_links":{"self":[{"href":"https:\/\/www.caririemacao.com\/1\/wp-json\/wp\/v2\/posts\/138896","targetHints":{"allow":["GET"]}}],"collection":[{"href":"https:\/\/www.caririemacao.com\/1\/wp-json\/wp\/v2\/posts"}],"about":[{"href":"https:\/\/www.caririemacao.com\/1\/wp-json\/wp\/v2\/types\/post"}],"author":[{"embeddable":true,"href":"https:\/\/www.caririemacao.com\/1\/wp-json\/wp\/v2\/users\/2"}],"replies":[{"embeddable":true,"href":"https:\/\/www.caririemacao.com\/1\/wp-json\/wp\/v2\/comments?post=138896"}],"version-history":[{"count":1,"href":"https:\/\/www.caririemacao.com\/1\/wp-json\/wp\/v2\/posts\/138896\/revisions"}],"predecessor-version":[{"id":138898,"href":"https:\/\/www.caririemacao.com\/1\/wp-json\/wp\/v2\/posts\/138896\/revisions\/138898"}],"wp:featuredmedia":[{"embeddable":true,"href":"https:\/\/www.caririemacao.com\/1\/wp-json\/wp\/v2\/media\/138897"}],"wp:attachment":[{"href":"https:\/\/www.caririemacao.com\/1\/wp-json\/wp\/v2\/media?parent=138896"}],"wp:term":[{"taxonomy":"category","embeddable":true,"href":"https:\/\/www.caririemacao.com\/1\/wp-json\/wp\/v2\/categories?post=138896"},{"taxonomy":"post_tag","embeddable":true,"href":"https:\/\/www.caririemacao.com\/1\/wp-json\/wp\/v2\/tags?post=138896"}],"curies":[{"name":"wp","href":"https:\/\/api.w.org\/{rel}","templated":true}]}}