{"id":138899,"date":"2019-12-01T15:12:26","date_gmt":"2019-12-01T18:12:26","guid":{"rendered":"http:\/\/www.caririemacao.com\/1\/?p=138899"},"modified":"2019-12-01T15:12:26","modified_gmt":"2019-12-01T18:12:26","slug":"incendio-atinge-zona-rural-de-monteiro-neste-domingo-01","status":"publish","type":"post","link":"https:\/\/www.caririemacao.com\/1\/2019\/12\/01\/incendio-atinge-zona-rural-de-monteiro-neste-domingo-01\/","title":{"rendered":"Inc\u00eandio atinge zona rural de Monteiro neste Domingo (01)"},"content":{"rendered":"\n<p>Mais um inc\u00eandio \u00e9 registrado na zona rural de Monteiro, no cariri paraibano. <\/p>\n\n\n\n<p>De acordo com informa\u00e7\u00f5es enviadas a nossa reda\u00e7\u00e3o o inc\u00eandio teve inicio ap\u00f3s a queimada de uma broca momento em que as chamas perderam o controle e est\u00e3o avan\u00e7ando em dire\u00e7\u00e3o a \u201cSerra de Francisquinho\u201d conforme relata uma moradora do local.\u00a0<\/p>\n\n\n\n<p>O inc\u00eandio est\u00e1 localizado nas imedia\u00e7\u00f5es do s\u00edtio Limit\u00e3o zona rural de Monteiro. O fogo est\u00e1 sem controle tomando grandes propor\u00e7\u00f5es na mata nativa, afirmam os moradores.\u00a0<\/p>\n\n\n\n<p>Portal TVCariri<\/p>\n","protected":false},"excerpt":{"rendered":"<p>Mais um inc\u00eandio \u00e9 registrado na zona rural de Monteiro, no cariri paraibano. De acordo com informa\u00e7\u00f5es enviadas a nossa reda\u00e7\u00e3o o inc\u00eandio teve inicio&hellip; <\/p>\n","protected":false},"author":2,"featured_media":138900,"comment_status":"closed","ping_status":"closed","sticky":false,"template":"","format":"standard","meta":{"sfsi_plus_gutenberg_text_before_share":"","sfsi_plus_gutenberg_show_text_before_share":"","sfsi_plus_gutenberg_icon_type":"","sfsi_plus_gutenberg_icon_alignemt":"","sfsi_plus_gutenburg_max_per_row":"","footnotes":""},"categories":[50,12],"tags":[],"class_list":["post-138899","post","type-post","status-publish","format-standard","has-post-thumbnail","hentry","category-destaque","category-policia"],"_links":{"self":[{"href":"https:\/\/www.caririemacao.com\/1\/wp-json\/wp\/v2\/posts\/138899","targetHints":{"allow":["GET"]}}],"collection":[{"href":"https:\/\/www.caririemacao.com\/1\/wp-json\/wp\/v2\/posts"}],"about":[{"href":"https:\/\/www.caririemacao.com\/1\/wp-json\/wp\/v2\/types\/post"}],"author":[{"embeddable":true,"href":"https:\/\/www.caririemacao.com\/1\/wp-json\/wp\/v2\/users\/2"}],"replies":[{"embeddable":true,"href":"https:\/\/www.caririemacao.com\/1\/wp-json\/wp\/v2\/comments?post=138899"}],"version-history":[{"count":1,"href":"https:\/\/www.caririemacao.com\/1\/wp-json\/wp\/v2\/posts\/138899\/revisions"}],"predecessor-version":[{"id":138901,"href":"https:\/\/www.caririemacao.com\/1\/wp-json\/wp\/v2\/posts\/138899\/revisions\/138901"}],"wp:featuredmedia":[{"embeddable":true,"href":"https:\/\/www.caririemacao.com\/1\/wp-json\/wp\/v2\/media\/138900"}],"wp:attachment":[{"href":"https:\/\/www.caririemacao.com\/1\/wp-json\/wp\/v2\/media?parent=138899"}],"wp:term":[{"taxonomy":"category","embeddable":true,"href":"https:\/\/www.caririemacao.com\/1\/wp-json\/wp\/v2\/categories?post=138899"},{"taxonomy":"post_tag","embeddable":true,"href":"https:\/\/www.caririemacao.com\/1\/wp-json\/wp\/v2\/tags?post=138899"}],"curies":[{"name":"wp","href":"https:\/\/api.w.org\/{rel}","templated":true}]}}