{"id":138902,"date":"2019-12-01T16:44:24","date_gmt":"2019-12-01T19:44:24","guid":{"rendered":"http:\/\/www.caririemacao.com\/1\/?p=138902"},"modified":"2019-12-01T16:44:24","modified_gmt":"2019-12-01T19:44:24","slug":"divulgado-edital-para-selecao-de-professor-bolsista-para-o-paraibatec","status":"publish","type":"post","link":"https:\/\/www.caririemacao.com\/1\/2019\/12\/01\/divulgado-edital-para-selecao-de-professor-bolsista-para-o-paraibatec\/","title":{"rendered":"Divulgado edital para sele\u00e7\u00e3o de professor bolsista para o PARAIBATEC"},"content":{"rendered":"\n<p>A Secretaria de Estado da Educa\u00e7\u00e3o e da Ci\u00eancia e Tecnologia da Para\u00edba&nbsp; (SEECT\/PB), por meio daGer\u00eancia Executiva de Educa\u00e7\u00e3oProfi ssional (GEEP), divulgou o edital para o processo seletivo para professor bolsista&nbsp;nos cursos do Programa PARAIBATEC. O edital foi divulgado no Di\u00e1rio Oficial do Estado (DOE), deste s\u00e1bado (30).&nbsp;<\/p>\n\n\n\n<p><a href=\"https:\/\/www.clickpb.com.br\/media\/filer_public\/db\/91\/db915eb5-8c80-48e8-a248-26f0e1465d80\/diario_oficial_30-11-2019_total.pdf\">Confira o edital a partir da p\u00e1gina 8<\/a><\/p>\n\n\n\n<p>As inscri\u00e7\u00f5es podem ser realizadas a partir desta segunda-feira (2), atrav\u00e9s do&nbsp;<a href=\"https:\/\/sites.google.com\/see.pb.gov.br\/pbtec-pb\">site do PARAIBATEC<\/a>. As inscri\u00e7\u00f5es s\u00e3o gratuitas e seguem at\u00e9 o dia 10 de dezembro.&nbsp;<\/p>\n\n\n\n<p>As remunera\u00e7\u00f5es variam de acordo com a especialidade escolhida, sendo doutorado R$ 30 hora\/aula, mestrado R$ 25 hora\/aula, especializa\u00e7\u00e3o R$ 20 hora\/aula e gradua\u00e7\u00e3o\/licenciatura\/bacharelado\/tecn\u00f3logo\/t\u00e9cnico R$ 15 hora\/aula.&nbsp;<\/p>\n\n\n\n<p>O resultado final ser\u00e1 divulgado no dia 19 de dezembro. Em rela\u00e7\u00e3o da posse dos candidatos acontece no dia 03 de janeiro de 2020.<\/p>\n","protected":false},"excerpt":{"rendered":"<p>A Secretaria de Estado da Educa\u00e7\u00e3o e da Ci\u00eancia e Tecnologia da Para\u00edba&nbsp; (SEECT\/PB), por meio daGer\u00eancia Executiva de Educa\u00e7\u00e3oProfi ssional (GEEP), divulgou o edital&hellip; <\/p>\n","protected":false},"author":1,"featured_media":71513,"comment_status":"closed","ping_status":"closed","sticky":false,"template":"","format":"standard","meta":{"sfsi_plus_gutenberg_text_before_share":"","sfsi_plus_gutenberg_show_text_before_share":"","sfsi_plus_gutenberg_icon_type":"","sfsi_plus_gutenberg_icon_alignemt":"","sfsi_plus_gutenburg_max_per_row":"","footnotes":""},"categories":[14],"tags":[],"class_list":["post-138902","post","type-post","status-publish","format-standard","has-post-thumbnail","hentry","category-educacao"],"_links":{"self":[{"href":"https:\/\/www.caririemacao.com\/1\/wp-json\/wp\/v2\/posts\/138902","targetHints":{"allow":["GET"]}}],"collection":[{"href":"https:\/\/www.caririemacao.com\/1\/wp-json\/wp\/v2\/posts"}],"about":[{"href":"https:\/\/www.caririemacao.com\/1\/wp-json\/wp\/v2\/types\/post"}],"author":[{"embeddable":true,"href":"https:\/\/www.caririemacao.com\/1\/wp-json\/wp\/v2\/users\/1"}],"replies":[{"embeddable":true,"href":"https:\/\/www.caririemacao.com\/1\/wp-json\/wp\/v2\/comments?post=138902"}],"version-history":[{"count":1,"href":"https:\/\/www.caririemacao.com\/1\/wp-json\/wp\/v2\/posts\/138902\/revisions"}],"predecessor-version":[{"id":138904,"href":"https:\/\/www.caririemacao.com\/1\/wp-json\/wp\/v2\/posts\/138902\/revisions\/138904"}],"wp:featuredmedia":[{"embeddable":true,"href":"https:\/\/www.caririemacao.com\/1\/wp-json\/wp\/v2\/media\/71513"}],"wp:attachment":[{"href":"https:\/\/www.caririemacao.com\/1\/wp-json\/wp\/v2\/media?parent=138902"}],"wp:term":[{"taxonomy":"category","embeddable":true,"href":"https:\/\/www.caririemacao.com\/1\/wp-json\/wp\/v2\/categories?post=138902"},{"taxonomy":"post_tag","embeddable":true,"href":"https:\/\/www.caririemacao.com\/1\/wp-json\/wp\/v2\/tags?post=138902"}],"curies":[{"name":"wp","href":"https:\/\/api.w.org\/{rel}","templated":true}]}}