{"id":138909,"date":"2019-12-02T00:03:33","date_gmt":"2019-12-02T03:03:33","guid":{"rendered":"http:\/\/www.caririemacao.com\/1\/?p=138909"},"modified":"2019-12-02T00:03:33","modified_gmt":"2019-12-02T03:03:33","slug":"solenidade-do-nufap-11o-bpm-marca-a-formatura-de-31-novos-soldados-da-policia-militar-no-cariri-paraibano","status":"publish","type":"post","link":"https:\/\/www.caririemacao.com\/1\/2019\/12\/02\/solenidade-do-nufap-11o-bpm-marca-a-formatura-de-31-novos-soldados-da-policia-militar-no-cariri-paraibano\/","title":{"rendered":"Solenidade do NuFAP\/11\u00ba BPM  marca a formatura de 31 novos soldados da Pol\u00edcia Militar no cariri paraibano"},"content":{"rendered":"\n<p>A Pol\u00edcia Militar realizou atrav\u00e9s do N\u00facleo de Forma\u00e7\u00e3o e Aprimoramento Profissional (NuFAP\/11\u00ba BPM), por volta das 16h do s\u00e1bado (30\/11\/2019), na pra\u00e7a Jos\u00e9 Am\u00e9rico na cidade de Sum\u00e9,  a formatura dos 31 novos soldados, que passar\u00e3o a atuar nas atividades de seguran\u00e7a p\u00fablica da Para\u00edba. <\/p>\n\n\n\n<p>Os novos soldados passaram por 15 meses de forma\u00e7\u00e3o, com a carga hor\u00e1ria de 1760 horas, sendo preparados com o curr\u00edculo mais moderno do Brasil na \u00e1rea de seguran\u00e7a p\u00fablica, com 53 disciplinas voltadas para a realidade atual do pa\u00eds, a exemplo de no\u00e7\u00f5es de preven\u00e7\u00f5es \u00e0s drogas, direitos humanos, diversidade \u00e9tnico-sociocultural, doutrina de policiamento ostensivo, tiro defensivo, abordagem, defesa pessoal, \u00e9tica e cidadania . Ao fim do qual, receberam o diploma de Tecn\u00f3logos em Seguran\u00e7a P\u00fablica e juraram garantir a constru\u00e7\u00e3o da ordem p\u00fablica, atuando como verdadeiros pacificadores sociais no cariri e regi\u00e3o.<\/p>\n\n\n\n<p>O concurso para a entrada dos novos policiais aconteceu em 2018 e ofereceu 450 vagas para a Pol\u00edcia Militar. Os novos soldados atrav\u00e9s da formatura, marcaram o fim do curso de forma\u00e7\u00e3o, onde galgaram uma nova fase profissional, de proteger e servir a sociedade na \u00e1rea de seguran\u00e7a p\u00fablica.<\/p>\n","protected":false},"excerpt":{"rendered":"<p>A Pol\u00edcia Militar realizou atrav\u00e9s do N\u00facleo de Forma\u00e7\u00e3o e Aprimoramento Profissional (NuFAP\/11\u00ba BPM), por volta das 16h do s\u00e1bado (30\/11\/2019), na pra\u00e7a Jos\u00e9 Am\u00e9rico&hellip; <\/p>\n","protected":false},"author":2,"featured_media":138910,"comment_status":"closed","ping_status":"closed","sticky":false,"template":"","format":"standard","meta":{"sfsi_plus_gutenberg_text_before_share":"","sfsi_plus_gutenberg_show_text_before_share":"","sfsi_plus_gutenberg_icon_type":"","sfsi_plus_gutenberg_icon_alignemt":"","sfsi_plus_gutenburg_max_per_row":"","footnotes":""},"categories":[50,2],"tags":[],"class_list":["post-138909","post","type-post","status-publish","format-standard","has-post-thumbnail","hentry","category-destaque","category-geral"],"_links":{"self":[{"href":"https:\/\/www.caririemacao.com\/1\/wp-json\/wp\/v2\/posts\/138909","targetHints":{"allow":["GET"]}}],"collection":[{"href":"https:\/\/www.caririemacao.com\/1\/wp-json\/wp\/v2\/posts"}],"about":[{"href":"https:\/\/www.caririemacao.com\/1\/wp-json\/wp\/v2\/types\/post"}],"author":[{"embeddable":true,"href":"https:\/\/www.caririemacao.com\/1\/wp-json\/wp\/v2\/users\/2"}],"replies":[{"embeddable":true,"href":"https:\/\/www.caririemacao.com\/1\/wp-json\/wp\/v2\/comments?post=138909"}],"version-history":[{"count":1,"href":"https:\/\/www.caririemacao.com\/1\/wp-json\/wp\/v2\/posts\/138909\/revisions"}],"predecessor-version":[{"id":138911,"href":"https:\/\/www.caririemacao.com\/1\/wp-json\/wp\/v2\/posts\/138909\/revisions\/138911"}],"wp:featuredmedia":[{"embeddable":true,"href":"https:\/\/www.caririemacao.com\/1\/wp-json\/wp\/v2\/media\/138910"}],"wp:attachment":[{"href":"https:\/\/www.caririemacao.com\/1\/wp-json\/wp\/v2\/media?parent=138909"}],"wp:term":[{"taxonomy":"category","embeddable":true,"href":"https:\/\/www.caririemacao.com\/1\/wp-json\/wp\/v2\/categories?post=138909"},{"taxonomy":"post_tag","embeddable":true,"href":"https:\/\/www.caririemacao.com\/1\/wp-json\/wp\/v2\/tags?post=138909"}],"curies":[{"name":"wp","href":"https:\/\/api.w.org\/{rel}","templated":true}]}}