{"id":138934,"date":"2019-12-02T08:03:13","date_gmt":"2019-12-02T11:03:13","guid":{"rendered":"http:\/\/www.caririemacao.com\/1\/?p=138934"},"modified":"2019-12-02T08:03:13","modified_gmt":"2019-12-02T11:03:13","slug":"comeca-em-madri-conferencia-da-onu-sobre-mudancas-climaticas","status":"publish","type":"post","link":"https:\/\/www.caririemacao.com\/1\/2019\/12\/02\/comeca-em-madri-conferencia-da-onu-sobre-mudancas-climaticas\/","title":{"rendered":"Come\u00e7a em Madri Confer\u00eancia da ONU sobre mudan\u00e7as clim\u00e1ticas"},"content":{"rendered":"\n<p><br>O secret\u00e1rio-geral da Organiza\u00e7\u00e3o das Na\u00e7\u00f5es Unidas (ONU), Ant\u00f3nio Guterres, pediu que governos de todo o mundo ampliem seus esfor\u00e7os para combater o aquecimento global.<\/p>\n\n\n\n<p>Guterres concedeu entrevista em Madri nesse domingo (1\u00ba), dia anterior \u00e0 abertura da Confer\u00eancia da ONU sobre Mudan\u00e7as Clim\u00e1ticas, conhecida como COP25. Representantes de mais de 190 pa\u00edses e regi\u00f5es devem participar do evento, que ser\u00e1 realizado na capital espanhola.<\/p>\n\n\n\n<p>Guterres disse que desastres naturais relacionados ao clima se tornaram mais frequentes, demandando mais custos financeiros e humanos. Ele afirmou que as mudan\u00e7as clim\u00e1ticas n\u00e3o s\u00e3o mais um problema de longo prazo, e que as pessoas enfrentam agora uma crise clim\u00e1tica global.<\/p>\n\n\n\n<p>Segundo o secret\u00e1rio-geral da ONU, esfor\u00e7os globais para interromper as mudan\u00e7as clim\u00e1ticas t\u00eam sido absolutamente inadequados, e o que ainda falta \u00e9 vontade pol\u00edtica.<\/p>\n\n\n\n<p>A confer\u00eancia deste ano visa a chegar a um consenso sobre algumas das regras de implementa\u00e7\u00e3o do Acordo de Paris que ainda est\u00e3o sendo debatidas. O acordo, que visa a combater o aquecimento global, deve ser implementado no ano que vem.<\/p>\n\n\n\n<p>A COP25 continua at\u00e9 o dia 13 de dezembro. O ministro do Meio-Ambiente do Jap\u00e3o, Shinjiro Koizumi, representa o pa\u00eds. A jovem ativista sueca Greta Thunberg tamb\u00e9m deve participar.<\/p>\n","protected":false},"excerpt":{"rendered":"<p>O secret\u00e1rio-geral da Organiza\u00e7\u00e3o das Na\u00e7\u00f5es Unidas (ONU), Ant\u00f3nio Guterres, pediu que governos de todo o mundo ampliem seus esfor\u00e7os para combater o aquecimento global.&hellip; <\/p>\n","protected":false},"author":1,"featured_media":119225,"comment_status":"closed","ping_status":"closed","sticky":false,"template":"","format":"standard","meta":{"sfsi_plus_gutenberg_text_before_share":"","sfsi_plus_gutenberg_show_text_before_share":"","sfsi_plus_gutenberg_icon_type":"","sfsi_plus_gutenberg_icon_alignemt":"","sfsi_plus_gutenburg_max_per_row":"","footnotes":""},"categories":[2],"tags":[],"class_list":["post-138934","post","type-post","status-publish","format-standard","has-post-thumbnail","hentry","category-geral"],"_links":{"self":[{"href":"https:\/\/www.caririemacao.com\/1\/wp-json\/wp\/v2\/posts\/138934","targetHints":{"allow":["GET"]}}],"collection":[{"href":"https:\/\/www.caririemacao.com\/1\/wp-json\/wp\/v2\/posts"}],"about":[{"href":"https:\/\/www.caririemacao.com\/1\/wp-json\/wp\/v2\/types\/post"}],"author":[{"embeddable":true,"href":"https:\/\/www.caririemacao.com\/1\/wp-json\/wp\/v2\/users\/1"}],"replies":[{"embeddable":true,"href":"https:\/\/www.caririemacao.com\/1\/wp-json\/wp\/v2\/comments?post=138934"}],"version-history":[{"count":1,"href":"https:\/\/www.caririemacao.com\/1\/wp-json\/wp\/v2\/posts\/138934\/revisions"}],"predecessor-version":[{"id":138935,"href":"https:\/\/www.caririemacao.com\/1\/wp-json\/wp\/v2\/posts\/138934\/revisions\/138935"}],"wp:featuredmedia":[{"embeddable":true,"href":"https:\/\/www.caririemacao.com\/1\/wp-json\/wp\/v2\/media\/119225"}],"wp:attachment":[{"href":"https:\/\/www.caririemacao.com\/1\/wp-json\/wp\/v2\/media?parent=138934"}],"wp:term":[{"taxonomy":"category","embeddable":true,"href":"https:\/\/www.caririemacao.com\/1\/wp-json\/wp\/v2\/categories?post=138934"},{"taxonomy":"post_tag","embeddable":true,"href":"https:\/\/www.caririemacao.com\/1\/wp-json\/wp\/v2\/tags?post=138934"}],"curies":[{"name":"wp","href":"https:\/\/api.w.org\/{rel}","templated":true}]}}