{"id":138960,"date":"2019-12-02T08:12:30","date_gmt":"2019-12-02T11:12:30","guid":{"rendered":"http:\/\/www.caririemacao.com\/1\/?p=138960"},"modified":"2019-12-02T08:12:30","modified_gmt":"2019-12-02T11:12:30","slug":"saiba-quanto-o-comercio-eletronico-faturou-este-ano-no-brasil-com-a-black-friday","status":"publish","type":"post","link":"https:\/\/www.caririemacao.com\/1\/2019\/12\/02\/saiba-quanto-o-comercio-eletronico-faturou-este-ano-no-brasil-com-a-black-friday\/","title":{"rendered":"Saiba quanto o com\u00e9rcio eletr\u00f4nico faturou este ano no Brasil com a Black Friday"},"content":{"rendered":"\n<p>Foto: Paraibaonline<\/p>\n\n\n\n<p>S\u00c3O PAULO, SP (FOLHAPRESS) \u2013 O faturamento do varejo online brasileiro ficou em R$ 3,2 bilh\u00f5es na edi\u00e7\u00e3o de 2019 da Black Friday, segundo a Ebit|Nielsen, empresa de pesquisa de mercado e monitoramento de dados. Os valores consideram as compras fechadas na quinta (29) e na sexta-feira (30).<\/p>\n\n\n\n<p>Em 2018, as lojas online venderam R$ 2,6 bilh\u00f5es. Descontada a infla\u00e7\u00e3o de 2,54% at\u00e9 outubro, o aumento foi de 20%. O valor m\u00e9dio das compras, no entanto, caiu de R$ 608 para R$ 602.<\/p>\n\n\n\n<p>No dois dias considerados no monitoramento da Ebit|Nielsen foram registrados 5,33 milh\u00f5es de pedidos; em 2018, foram 4,27 milh\u00f5es, uma alta de 25%.<\/p>\n\n\n\n<p>Para Ana Szasz, da Ebit|Nielsen, os n\u00fameros deste ano demonstram que a data entrou no calend\u00e1rio de compras do brasileiro. \u201cNesta edi\u00e7\u00e3o, vemos que as pessoas compraram diferentes tipos de produtos, ou seja, a alta n\u00e3o foi puxada apenas pelos mais caros\u201d, diz, em nota.<\/p>\n\n\n\n<p>O monitoramento aponta tamb\u00e9m para uma alta significativa nas compras fechadas por dispositivos m\u00f3veis. Nos dois dias de acompanhamento, 55% das compras feitas no com\u00e9rcio eletr\u00f4nico foram fechadas a partir de celulares.<\/p>\n\n\n\n<p>Na compara\u00e7\u00e3o com o ano passado, a alta foi de 103%. O faturamento do varejo com as compras feitas por meio dos celulares dobrou e chegou a R$ 1,7 bilh\u00e3o. Em 2018 foram R$ 830 milh\u00f5es. O valor m\u00e9dio por compra n\u00e3o variou tanto e saiu de R$ 552 para R$ 574.<\/p>\n\n\n\n<p>Ana Szasz diz que a edi\u00e7\u00e3o de 2019 da Black Friday consolidou as compras por meio dos smartphones. Ela afirma que \u201cgarantir uma boa experi\u00eancia mobile foi o diferencial para bons resultados.\u201d<\/p>\n\n\n\n<p>Na campanha deste ano, 418 mil consumidores fizeram a primeira compra pela internet, 12% a mais do que em 2018. Ao todo, 2,85 milh\u00f5es de brasileiros compraram nesta Black Friday, uma aumento de 18% ante \u00e0 edi\u00e7\u00e3o anterior.<\/p>\n\n\n\n<p>Segundo a Ebit|Nielsen, o Instagram tomou a dianteira, neste ano, como um dos motivadores para compras durante a Black Friday, ultrapassando o Facebook.<\/p>\n\n\n\n<p>Veja aqui imagens da rua Maciel Pinheiro, no centro de Campina Grande, da \u00faltima sexta-feira, com um imenso congestionamento em decorr\u00eancia da Black Friday.<\/p>\n\n\n\n<p>E a foto de ilustra\u00e7\u00e3o \u00e9 da rua Presidente Jo\u00e3o Pessoa, tamb\u00e9m no centro campinense, no mesmo dia.<\/p>\n\n\n\n<figure><iframe data-src=\"https:\/\/www.youtube.com\/embed\/8pIN7LqBxiQ?version=3&amp;rel=1&amp;fs=1&amp;autohide=2&amp;showsearch=0&amp;showinfo=1&amp;iv_load_policy=1&amp;wmode=transparent\" allowfullscreen=\"true\" src=\"data:image\/svg+xml;base64,PHN2ZyB3aWR0aD0iMSIgaGVpZ2h0PSIxIiB4bWxucz0iaHR0cDovL3d3dy53My5vcmcvMjAwMC9zdmciPjwvc3ZnPg==\" class=\"lazyload\" data-load-mode=\"1\"><\/iframe><\/figure>\n","protected":false},"excerpt":{"rendered":"<p>Foto: Paraibaonline S\u00c3O PAULO, SP (FOLHAPRESS) \u2013 O faturamento do varejo online brasileiro ficou em R$ 3,2 bilh\u00f5es na edi\u00e7\u00e3o de 2019 da Black Friday,&hellip; <\/p>\n","protected":false},"author":1,"featured_media":73081,"comment_status":"closed","ping_status":"closed","sticky":false,"template":"","format":"standard","meta":{"sfsi_plus_gutenberg_text_before_share":"","sfsi_plus_gutenberg_show_text_before_share":"","sfsi_plus_gutenberg_icon_type":"","sfsi_plus_gutenberg_icon_alignemt":"","sfsi_plus_gutenburg_max_per_row":"","footnotes":""},"categories":[2],"tags":[],"class_list":["post-138960","post","type-post","status-publish","format-standard","has-post-thumbnail","hentry","category-geral"],"_links":{"self":[{"href":"https:\/\/www.caririemacao.com\/1\/wp-json\/wp\/v2\/posts\/138960","targetHints":{"allow":["GET"]}}],"collection":[{"href":"https:\/\/www.caririemacao.com\/1\/wp-json\/wp\/v2\/posts"}],"about":[{"href":"https:\/\/www.caririemacao.com\/1\/wp-json\/wp\/v2\/types\/post"}],"author":[{"embeddable":true,"href":"https:\/\/www.caririemacao.com\/1\/wp-json\/wp\/v2\/users\/1"}],"replies":[{"embeddable":true,"href":"https:\/\/www.caririemacao.com\/1\/wp-json\/wp\/v2\/comments?post=138960"}],"version-history":[{"count":1,"href":"https:\/\/www.caririemacao.com\/1\/wp-json\/wp\/v2\/posts\/138960\/revisions"}],"predecessor-version":[{"id":138961,"href":"https:\/\/www.caririemacao.com\/1\/wp-json\/wp\/v2\/posts\/138960\/revisions\/138961"}],"wp:featuredmedia":[{"embeddable":true,"href":"https:\/\/www.caririemacao.com\/1\/wp-json\/wp\/v2\/media\/73081"}],"wp:attachment":[{"href":"https:\/\/www.caririemacao.com\/1\/wp-json\/wp\/v2\/media?parent=138960"}],"wp:term":[{"taxonomy":"category","embeddable":true,"href":"https:\/\/www.caririemacao.com\/1\/wp-json\/wp\/v2\/categories?post=138960"},{"taxonomy":"post_tag","embeddable":true,"href":"https:\/\/www.caririemacao.com\/1\/wp-json\/wp\/v2\/tags?post=138960"}],"curies":[{"name":"wp","href":"https:\/\/api.w.org\/{rel}","templated":true}]}}