{"id":138964,"date":"2019-12-02T08:13:42","date_gmt":"2019-12-02T11:13:42","guid":{"rendered":"http:\/\/www.caririemacao.com\/1\/?p=138964"},"modified":"2019-12-02T08:13:42","modified_gmt":"2019-12-02T11:13:42","slug":"previsao-do-tempo-para-esta-segunda-feira-em-toda-paraiba-26","status":"publish","type":"post","link":"https:\/\/www.caririemacao.com\/1\/2019\/12\/02\/previsao-do-tempo-para-esta-segunda-feira-em-toda-paraiba-26\/","title":{"rendered":"Previs\u00e3o do tempo para esta segunda-feira em toda Para\u00edba"},"content":{"rendered":"\n<p>Nesta segunda-feira, o tempo dever\u00e1 se manter com reduzida concentra\u00e7\u00e3o de nuvens em todas as regi\u00f5es que comp\u00f5em o estado da Para\u00edba. Assim, altas temperaturas e baixos \u00edndices de umidade relativa do ar dever\u00e3o ser registrados, especialmente nas regi\u00f5es do Sert\u00e3o, Alto Sert\u00e3o e Cariri\/Curimata\u00fa no per\u00edodo da tarde.<\/p>\n\n\n\n<div class=\"wp-block-image\"><figure class=\"aligncenter\"><img decoding=\"async\" data-src=\"https:\/\/paraibaonline.com.br\/wp-content\/uploads\/2019\/12\/tempo0212.jpg\" alt=\"\" class=\"wp-image-822569 lazyload\" src=\"data:image\/svg+xml;base64,PHN2ZyB3aWR0aD0iMSIgaGVpZ2h0PSIxIiB4bWxucz0iaHR0cDovL3d3dy53My5vcmcvMjAwMC9zdmciPjwvc3ZnPg==\" \/><\/figure><\/div>\n\n\n\n<p>*Fonte: Aesa<\/p>\n","protected":false},"excerpt":{"rendered":"<p>Nesta segunda-feira, o tempo dever\u00e1 se manter com reduzida concentra\u00e7\u00e3o de nuvens em todas as regi\u00f5es que comp\u00f5em o estado da Para\u00edba. Assim, altas temperaturas&hellip; <\/p>\n","protected":false},"author":1,"featured_media":60945,"comment_status":"closed","ping_status":"closed","sticky":false,"template":"","format":"standard","meta":{"sfsi_plus_gutenberg_text_before_share":"","sfsi_plus_gutenberg_show_text_before_share":"","sfsi_plus_gutenberg_icon_type":"","sfsi_plus_gutenberg_icon_alignemt":"","sfsi_plus_gutenburg_max_per_row":"","footnotes":""},"categories":[2],"tags":[],"class_list":["post-138964","post","type-post","status-publish","format-standard","has-post-thumbnail","hentry","category-geral"],"_links":{"self":[{"href":"https:\/\/www.caririemacao.com\/1\/wp-json\/wp\/v2\/posts\/138964","targetHints":{"allow":["GET"]}}],"collection":[{"href":"https:\/\/www.caririemacao.com\/1\/wp-json\/wp\/v2\/posts"}],"about":[{"href":"https:\/\/www.caririemacao.com\/1\/wp-json\/wp\/v2\/types\/post"}],"author":[{"embeddable":true,"href":"https:\/\/www.caririemacao.com\/1\/wp-json\/wp\/v2\/users\/1"}],"replies":[{"embeddable":true,"href":"https:\/\/www.caririemacao.com\/1\/wp-json\/wp\/v2\/comments?post=138964"}],"version-history":[{"count":1,"href":"https:\/\/www.caririemacao.com\/1\/wp-json\/wp\/v2\/posts\/138964\/revisions"}],"predecessor-version":[{"id":138965,"href":"https:\/\/www.caririemacao.com\/1\/wp-json\/wp\/v2\/posts\/138964\/revisions\/138965"}],"wp:featuredmedia":[{"embeddable":true,"href":"https:\/\/www.caririemacao.com\/1\/wp-json\/wp\/v2\/media\/60945"}],"wp:attachment":[{"href":"https:\/\/www.caririemacao.com\/1\/wp-json\/wp\/v2\/media?parent=138964"}],"wp:term":[{"taxonomy":"category","embeddable":true,"href":"https:\/\/www.caririemacao.com\/1\/wp-json\/wp\/v2\/categories?post=138964"},{"taxonomy":"post_tag","embeddable":true,"href":"https:\/\/www.caririemacao.com\/1\/wp-json\/wp\/v2\/tags?post=138964"}],"curies":[{"name":"wp","href":"https:\/\/api.w.org\/{rel}","templated":true}]}}