{"id":138969,"date":"2019-12-02T08:15:44","date_gmt":"2019-12-02T11:15:44","guid":{"rendered":"http:\/\/www.caririemacao.com\/1\/?p=138969"},"modified":"2019-12-02T08:15:44","modified_gmt":"2019-12-02T11:15:44","slug":"mais-um-tecnico-perde-o-emprego-na-serie-a-do-campeonato-brasileiro","status":"publish","type":"post","link":"https:\/\/www.caririemacao.com\/1\/2019\/12\/02\/mais-um-tecnico-perde-o-emprego-na-serie-a-do-campeonato-brasileiro\/","title":{"rendered":"Mais um t\u00e9cnico perde o emprego na S\u00e9rie A do Campeonato Brasileiro"},"content":{"rendered":"\n<p>O Flamengo derrubou o segundo t\u00e9cnico do Palmeiras na temporada. Desta vez, Mano Menezes n\u00e3o aguentou a press\u00e3o ap\u00f3s a derrota por 3 a 1 para o time rubro-negro, neste domingo (1\u00ba), e n\u00e3o \u00e9 mais o dono do cargo.<\/p>\n\n\n\n<p>A narrativa \u00e9 semelhante ao que aconteceu no primeiro turno, quando Luiz Felipe Scolari n\u00e3o resistiu ao rev\u00e9s por 3 a 0 sofrido no Maracan\u00e3.<\/p>\n\n\n\n<p>No geral, Mano acumulou 11 vit\u00f3rias, 5 empates e 4 derrotas em 20 jogos \u00e0 frente do clube. Tr\u00eas dos quatro resultados negativos vieram justamente nos \u00faltimos tr\u00eas jogos da equipe alviverde, que tamb\u00e9m est\u00e1 a cinco duelos sem triunfar.<\/p>\n\n\n\n<p>Neste domingo, ele foi alvo de cr\u00edticas dos torcedores durante a partida e a Pol\u00edcia Militar chegou a intervir para conter alguns palmeirenses mais exaltados, posicionados atr\u00e1s do banco de reservas do treinador.<\/p>\n\n\n\n<p>O aproveitamento de Mano foi de 63,3%, semelhante ao de Felip\u00e3o quando deixou o cargo (69,7% em 76 jogos).<\/p>\n\n\n\n<p>Ele foi o oitavo t\u00e9cnico do Palmeiras nos \u00faltimos cinco anos, per\u00edodo em que Alexandre Mattos comanda a diretoria de futebol do clube alviverde.<\/p>\n\n\n\n<p>Mano foi contratado em setembro, para suceder o t\u00e9cnico ent\u00e3o campe\u00e3o brasileiro pela equipe alviverde.<\/p>\n\n\n\n<p>Antes, ele estava no Cruzeiro, onde foi bicampe\u00e3o da Copa do Brasil, mas n\u00e3o fazia uma boa temporada e brigava para contra o rebaixamento (situa\u00e7\u00e3o que se mant\u00e9m atualmente, j\u00e1 ap\u00f3s uma r\u00e1pida passagem de Abel Braga, demitido pelo clube.<\/p>\n\n\n\n<p>No Palmeiras, a press\u00e3o \u00e9 grande tamb\u00e9m contra Mattos e o presidente, Maur\u00edcio Galiotte. Ambos foram alvos de protesto da torcida nos \u00faltimos dias, inclusive durante o jogo contra deste domingo.<\/p>\n\n\n\n<p>A principal reclama\u00e7\u00e3o \u00e9 de que a equipe alviverde poderia render mais, pelo investimento feito no elenco. Em compara\u00e7\u00e3o com o Flamengo, por exemplo, equipe que tem poderio financeiro semelhante, a diferen\u00e7a \u00e9 grande.<\/p>\n\n\n\n<p>Os novos jogadores trazidos pela equipe rubro-negra para a temporada jogaram o triplo e marcaram o qu\u00edntuplo de gols que os contratados pelo clube alviverde.<\/p>\n\n\n\n<p>Al\u00e9m disso, o Flamengo foi campe\u00e3o do Brasileiro e da Libertadores neste ano enquanto o Palmeiras, em que pese dois t\u00edtulos do Nacional nas \u00faltimas quatro temporadas, n\u00e3o conseguiu bons resultados no torneio continental.<\/p>\n","protected":false},"excerpt":{"rendered":"<p>O Flamengo derrubou o segundo t\u00e9cnico do Palmeiras na temporada. Desta vez, Mano Menezes n\u00e3o aguentou a press\u00e3o ap\u00f3s a derrota por 3 a 1&hellip; <\/p>\n","protected":false},"author":1,"featured_media":138970,"comment_status":"closed","ping_status":"closed","sticky":false,"template":"","format":"standard","meta":{"sfsi_plus_gutenberg_text_before_share":"","sfsi_plus_gutenberg_show_text_before_share":"","sfsi_plus_gutenberg_icon_type":"","sfsi_plus_gutenberg_icon_alignemt":"","sfsi_plus_gutenburg_max_per_row":"","footnotes":""},"categories":[2],"tags":[],"class_list":["post-138969","post","type-post","status-publish","format-standard","has-post-thumbnail","hentry","category-geral"],"_links":{"self":[{"href":"https:\/\/www.caririemacao.com\/1\/wp-json\/wp\/v2\/posts\/138969","targetHints":{"allow":["GET"]}}],"collection":[{"href":"https:\/\/www.caririemacao.com\/1\/wp-json\/wp\/v2\/posts"}],"about":[{"href":"https:\/\/www.caririemacao.com\/1\/wp-json\/wp\/v2\/types\/post"}],"author":[{"embeddable":true,"href":"https:\/\/www.caririemacao.com\/1\/wp-json\/wp\/v2\/users\/1"}],"replies":[{"embeddable":true,"href":"https:\/\/www.caririemacao.com\/1\/wp-json\/wp\/v2\/comments?post=138969"}],"version-history":[{"count":1,"href":"https:\/\/www.caririemacao.com\/1\/wp-json\/wp\/v2\/posts\/138969\/revisions"}],"predecessor-version":[{"id":138971,"href":"https:\/\/www.caririemacao.com\/1\/wp-json\/wp\/v2\/posts\/138969\/revisions\/138971"}],"wp:featuredmedia":[{"embeddable":true,"href":"https:\/\/www.caririemacao.com\/1\/wp-json\/wp\/v2\/media\/138970"}],"wp:attachment":[{"href":"https:\/\/www.caririemacao.com\/1\/wp-json\/wp\/v2\/media?parent=138969"}],"wp:term":[{"taxonomy":"category","embeddable":true,"href":"https:\/\/www.caririemacao.com\/1\/wp-json\/wp\/v2\/categories?post=138969"},{"taxonomy":"post_tag","embeddable":true,"href":"https:\/\/www.caririemacao.com\/1\/wp-json\/wp\/v2\/tags?post=138969"}],"curies":[{"name":"wp","href":"https:\/\/api.w.org\/{rel}","templated":true}]}}