{"id":138975,"date":"2019-12-02T08:19:35","date_gmt":"2019-12-02T11:19:35","guid":{"rendered":"http:\/\/www.caririemacao.com\/1\/?p=138975"},"modified":"2019-12-02T08:19:35","modified_gmt":"2019-12-02T11:19:35","slug":"missa-dos-vaqueiros-2019-e-realizada-em-sume","status":"publish","type":"post","link":"https:\/\/www.caririemacao.com\/1\/2019\/12\/02\/missa-dos-vaqueiros-2019-e-realizada-em-sume\/","title":{"rendered":"Missa dos Vaqueiros 2019 \u00e9 realizada em Sum\u00e9"},"content":{"rendered":"\n<p>Aconteceu neste s\u00e1bado (30), no segundo dia da Festa da Padroeira Nossa Senhora da Concei\u00e7\u00e3o em Sum\u00e9, a Missa do Vaqueiro 2019.<\/p>\n\n\n\n<p>O evento aconteceu no Est\u00e1dio O Jacint\u00e3o e contou com uma grande participa\u00e7\u00e3o de vaqueiros da cidade e regi\u00e3o.<\/p>\n\n\n\n<p>Ap\u00f3s a missa houve um bingo de um garrote, a participa\u00e7\u00e3o dos aboiadores Jo\u00e3ozinho e Jurandy Temb\u00f3rio e a Banda Forr\u00f3 Kent.<\/p>\n\n\n\n<figure><iframe allowfullscreen=\"true\" data-src=\"https:\/\/staticxx.facebook.com\/connect\/xd_arbiter.php?version=44#channel=f392ff42ec6a38c&amp;origin=http%3A%2F%2Fnoticiasemdestaque.com\" src=\"data:image\/svg+xml;base64,PHN2ZyB3aWR0aD0iMSIgaGVpZ2h0PSIxIiB4bWxucz0iaHR0cDovL3d3dy53My5vcmcvMjAwMC9zdmciPjwvc3ZnPg==\" class=\"lazyload\" data-load-mode=\"1\"><\/iframe><\/figure>\n","protected":false},"excerpt":{"rendered":"<p>Aconteceu neste s\u00e1bado (30), no segundo dia da Festa da Padroeira Nossa Senhora da Concei\u00e7\u00e3o em Sum\u00e9, a Missa do Vaqueiro 2019. O evento aconteceu&hellip; <\/p>\n","protected":false},"author":1,"featured_media":138976,"comment_status":"closed","ping_status":"closed","sticky":false,"template":"","format":"standard","meta":{"sfsi_plus_gutenberg_text_before_share":"","sfsi_plus_gutenberg_show_text_before_share":"","sfsi_plus_gutenberg_icon_type":"","sfsi_plus_gutenberg_icon_alignemt":"","sfsi_plus_gutenburg_max_per_row":"","footnotes":""},"categories":[2],"tags":[],"class_list":["post-138975","post","type-post","status-publish","format-standard","has-post-thumbnail","hentry","category-geral"],"_links":{"self":[{"href":"https:\/\/www.caririemacao.com\/1\/wp-json\/wp\/v2\/posts\/138975","targetHints":{"allow":["GET"]}}],"collection":[{"href":"https:\/\/www.caririemacao.com\/1\/wp-json\/wp\/v2\/posts"}],"about":[{"href":"https:\/\/www.caririemacao.com\/1\/wp-json\/wp\/v2\/types\/post"}],"author":[{"embeddable":true,"href":"https:\/\/www.caririemacao.com\/1\/wp-json\/wp\/v2\/users\/1"}],"replies":[{"embeddable":true,"href":"https:\/\/www.caririemacao.com\/1\/wp-json\/wp\/v2\/comments?post=138975"}],"version-history":[{"count":1,"href":"https:\/\/www.caririemacao.com\/1\/wp-json\/wp\/v2\/posts\/138975\/revisions"}],"predecessor-version":[{"id":138977,"href":"https:\/\/www.caririemacao.com\/1\/wp-json\/wp\/v2\/posts\/138975\/revisions\/138977"}],"wp:featuredmedia":[{"embeddable":true,"href":"https:\/\/www.caririemacao.com\/1\/wp-json\/wp\/v2\/media\/138976"}],"wp:attachment":[{"href":"https:\/\/www.caririemacao.com\/1\/wp-json\/wp\/v2\/media?parent=138975"}],"wp:term":[{"taxonomy":"category","embeddable":true,"href":"https:\/\/www.caririemacao.com\/1\/wp-json\/wp\/v2\/categories?post=138975"},{"taxonomy":"post_tag","embeddable":true,"href":"https:\/\/www.caririemacao.com\/1\/wp-json\/wp\/v2\/tags?post=138975"}],"curies":[{"name":"wp","href":"https:\/\/api.w.org\/{rel}","templated":true}]}}