{"id":138980,"date":"2019-12-02T10:33:21","date_gmt":"2019-12-02T13:33:21","guid":{"rendered":"http:\/\/www.caririemacao.com\/1\/?p=138980"},"modified":"2019-12-02T10:33:21","modified_gmt":"2019-12-02T13:33:21","slug":"jovem-e-preso-suspeito-de-tentar-arremessar-celulares-e-drogas-para-dentro-de-presidio-na-paraiba","status":"publish","type":"post","link":"https:\/\/www.caririemacao.com\/1\/2019\/12\/02\/jovem-e-preso-suspeito-de-tentar-arremessar-celulares-e-drogas-para-dentro-de-presidio-na-paraiba\/","title":{"rendered":"Jovem \u00e9 preso suspeito de tentar arremessar celulares e drogas para dentro de pres\u00eddio na Para\u00edba"},"content":{"rendered":"\n<p>Um jovem de 18 anos foi preso, na madrugada desta segunda-feira (2), suspeito de tentar arremessar celulares e drogas para dentro do pres\u00eddio de Catol\u00e9 do Rocha, na Para\u00edba. Um policial militar que&nbsp;estava em uma das guaritas do pres\u00eddio flagrou dois indiv\u00edduos tentando arremessar objetos para dentro da unidade prisional.<\/p>\n\n\n\n<p>Uma guarni\u00e7\u00e3o foi solicitada para dar apoio e chegando ao local encontrou um dos suspeitos j\u00e1 contido ao solo pelo guariteiro.&nbsp;<\/p>\n\n\n\n<p>Com o jovem foram encontrados tr\u00eas celulares, tr\u00eas carregadores e uma por\u00e7\u00e3o de subst\u00e2ncia an\u00e1loga \u00e0 maconha. O outro suspeito conseguiu fugir antes da chegada das viaturas.<\/p>\n\n\n\n<p>O jovem e o material apreendido foram encaminhados para a delegacia de Pol\u00edcia Civil.<\/p>\n","protected":false},"excerpt":{"rendered":"<p>Um jovem de 18 anos foi preso, na madrugada desta segunda-feira (2), suspeito de tentar arremessar celulares e drogas para dentro do pres\u00eddio de Catol\u00e9&hellip; <\/p>\n","protected":false},"author":1,"featured_media":138982,"comment_status":"closed","ping_status":"closed","sticky":false,"template":"","format":"standard","meta":{"sfsi_plus_gutenberg_text_before_share":"","sfsi_plus_gutenberg_show_text_before_share":"","sfsi_plus_gutenberg_icon_type":"","sfsi_plus_gutenberg_icon_alignemt":"","sfsi_plus_gutenburg_max_per_row":"","footnotes":""},"categories":[12],"tags":[],"class_list":["post-138980","post","type-post","status-publish","format-standard","has-post-thumbnail","hentry","category-policia"],"_links":{"self":[{"href":"https:\/\/www.caririemacao.com\/1\/wp-json\/wp\/v2\/posts\/138980","targetHints":{"allow":["GET"]}}],"collection":[{"href":"https:\/\/www.caririemacao.com\/1\/wp-json\/wp\/v2\/posts"}],"about":[{"href":"https:\/\/www.caririemacao.com\/1\/wp-json\/wp\/v2\/types\/post"}],"author":[{"embeddable":true,"href":"https:\/\/www.caririemacao.com\/1\/wp-json\/wp\/v2\/users\/1"}],"replies":[{"embeddable":true,"href":"https:\/\/www.caririemacao.com\/1\/wp-json\/wp\/v2\/comments?post=138980"}],"version-history":[{"count":1,"href":"https:\/\/www.caririemacao.com\/1\/wp-json\/wp\/v2\/posts\/138980\/revisions"}],"predecessor-version":[{"id":138983,"href":"https:\/\/www.caririemacao.com\/1\/wp-json\/wp\/v2\/posts\/138980\/revisions\/138983"}],"wp:featuredmedia":[{"embeddable":true,"href":"https:\/\/www.caririemacao.com\/1\/wp-json\/wp\/v2\/media\/138982"}],"wp:attachment":[{"href":"https:\/\/www.caririemacao.com\/1\/wp-json\/wp\/v2\/media?parent=138980"}],"wp:term":[{"taxonomy":"category","embeddable":true,"href":"https:\/\/www.caririemacao.com\/1\/wp-json\/wp\/v2\/categories?post=138980"},{"taxonomy":"post_tag","embeddable":true,"href":"https:\/\/www.caririemacao.com\/1\/wp-json\/wp\/v2\/tags?post=138980"}],"curies":[{"name":"wp","href":"https:\/\/api.w.org\/{rel}","templated":true}]}}