{"id":139000,"date":"2019-12-02T10:41:10","date_gmt":"2019-12-02T13:41:10","guid":{"rendered":"http:\/\/www.caririemacao.com\/1\/?p=139000"},"modified":"2019-12-02T10:41:10","modified_gmt":"2019-12-02T13:41:10","slug":"bolsonaro-diz-que-lamenta-a-morte-de-inocentes-em-baile-funk-em-paraisopolis","status":"publish","type":"post","link":"https:\/\/www.caririemacao.com\/1\/2019\/12\/02\/bolsonaro-diz-que-lamenta-a-morte-de-inocentes-em-baile-funk-em-paraisopolis\/","title":{"rendered":"Bolsonaro diz que lamenta a morte de inocentes em baile funk em Parais\u00f3polis"},"content":{"rendered":"\n<p>O presidente Jair Bolsonaro disse nesta segunda-feira (2) lamentar a morte de inocentes em a\u00e7\u00e3o policial na favela de Parais\u00f3polis que deixou nove mortos no domingo (1\u00ba).&nbsp;<\/p>\n\n\n\n<p>&#8220;Eu lamento a morte de inocentes&#8221;, afirmou rapidamente, ao parar para cumprimentar um grupo de eleitores na entrada do Pal\u00e1cio do Alvorada.<\/p>\n\n\n\n<p>O tumulto aconteceu em baile funk com mais de 5.000 pessoas. Imagens e relatos indicam que a multid\u00e3o acabou encurralada pela pol\u00edcia em vielas estreitas -alguns trope\u00e7aram e acabaram mortos.<\/p>\n\n\n\n<p>Jovens afirmaram que a a\u00e7\u00e3o foi uma &#8220;emboscada&#8221;. A Pol\u00edcia Militar afirma que ainda n\u00e3o \u00e9 poss\u00edvel saber se a a\u00e7\u00e3o ocorreu de maneira correta, que algumas imagens divulgadas sugerem abusos e que tudo ser\u00e1 investigado.&nbsp;<\/p>\n\n\n\n<p>A corpora\u00e7\u00e3o sustenta, por\u00e9m, que a confus\u00e3o come\u00e7ou ap\u00f3s uma persegui\u00e7\u00e3o a suspeitos em uma moto, com quem trocaram tiros. Segundo a pol\u00edcia, a fuga se deu por 400 metros e depois os suspeitos entraram no meio do baile ainda disparando.<\/p>\n\n\n\n<p>&#8220;Criminosos utilizaram pessoas no pancad\u00e3o como escudos humanos&#8221;, disse o tenente-coronel Emerson Massera, da Pol\u00edcia Militar.<\/p>\n\n\n\n<p>Os policiais dizem que foram recebidos com pedras e garrafas arremessadas. De acordo com Massera, &#8220;houve necessidade do uso de muni\u00e7\u00e3o qu\u00edmica&#8221;, com quatro granadas de efeito moral e oito tiros de balas de borracha. Jovens feridos e familiares de v\u00edtimas rebatem. Segundo eles, n\u00e3o houve persegui\u00e7\u00e3o alguma a suspeitos.<\/p>\n\n\n\n<p>Conhecido como baile da 17, o evento aconteceu na rua Ernest Renan. Segundo moradores da favela, a pol\u00edcia fechou ambos os lados da rua.&nbsp;<\/p>\n\n\n\n<p>Nas redes sociais, o governador de S\u00e3o Paulo, Jo\u00e3o Doria, afirmou lamentar profundamente as mortes e que determinou ao secret\u00e1rio da Seguran\u00e7a P\u00fablica, general Campos, apura\u00e7\u00e3o &#8220;para esclarecer quais foram as circunst\u00e2ncias e responsabilidades deste triste epis\u00f3dio&#8221;. Tr\u00eas anos atr\u00e1s, Doria definiu os pancad\u00f5es como &#8220;um cancro que destr\u00f3i a sociedade&#8221;.<br><\/p>\n","protected":false},"excerpt":{"rendered":"<p>O presidente Jair Bolsonaro disse nesta segunda-feira (2) lamentar a morte de inocentes em a\u00e7\u00e3o policial na favela de Parais\u00f3polis que deixou nove mortos no&hellip; <\/p>\n","protected":false},"author":1,"featured_media":135566,"comment_status":"closed","ping_status":"closed","sticky":false,"template":"","format":"standard","meta":{"sfsi_plus_gutenberg_text_before_share":"","sfsi_plus_gutenberg_show_text_before_share":"","sfsi_plus_gutenberg_icon_type":"","sfsi_plus_gutenberg_icon_alignemt":"","sfsi_plus_gutenburg_max_per_row":"","footnotes":""},"categories":[11],"tags":[],"class_list":["post-139000","post","type-post","status-publish","format-standard","has-post-thumbnail","hentry","category-politica"],"_links":{"self":[{"href":"https:\/\/www.caririemacao.com\/1\/wp-json\/wp\/v2\/posts\/139000","targetHints":{"allow":["GET"]}}],"collection":[{"href":"https:\/\/www.caririemacao.com\/1\/wp-json\/wp\/v2\/posts"}],"about":[{"href":"https:\/\/www.caririemacao.com\/1\/wp-json\/wp\/v2\/types\/post"}],"author":[{"embeddable":true,"href":"https:\/\/www.caririemacao.com\/1\/wp-json\/wp\/v2\/users\/1"}],"replies":[{"embeddable":true,"href":"https:\/\/www.caririemacao.com\/1\/wp-json\/wp\/v2\/comments?post=139000"}],"version-history":[{"count":1,"href":"https:\/\/www.caririemacao.com\/1\/wp-json\/wp\/v2\/posts\/139000\/revisions"}],"predecessor-version":[{"id":139001,"href":"https:\/\/www.caririemacao.com\/1\/wp-json\/wp\/v2\/posts\/139000\/revisions\/139001"}],"wp:featuredmedia":[{"embeddable":true,"href":"https:\/\/www.caririemacao.com\/1\/wp-json\/wp\/v2\/media\/135566"}],"wp:attachment":[{"href":"https:\/\/www.caririemacao.com\/1\/wp-json\/wp\/v2\/media?parent=139000"}],"wp:term":[{"taxonomy":"category","embeddable":true,"href":"https:\/\/www.caririemacao.com\/1\/wp-json\/wp\/v2\/categories?post=139000"},{"taxonomy":"post_tag","embeddable":true,"href":"https:\/\/www.caririemacao.com\/1\/wp-json\/wp\/v2\/tags?post=139000"}],"curies":[{"name":"wp","href":"https:\/\/api.w.org\/{rel}","templated":true}]}}