{"id":139003,"date":"2019-12-02T10:44:20","date_gmt":"2019-12-02T13:44:20","guid":{"rendered":"http:\/\/www.caririemacao.com\/1\/?p=139003"},"modified":"2019-12-02T10:44:20","modified_gmt":"2019-12-02T13:44:20","slug":"estudantes-que-nao-fizeram-enade-precisam-justificar-ausencia","status":"publish","type":"post","link":"https:\/\/www.caririemacao.com\/1\/2019\/12\/02\/estudantes-que-nao-fizeram-enade-precisam-justificar-ausencia\/","title":{"rendered":"Estudantes que n\u00e3o fizeram Enade precisam justificar aus\u00eancia"},"content":{"rendered":"\n<p>Os estudantes inscritos na condi\u00e7\u00e3o de concluintes regulares que n\u00e3o fizeram a prova do Exame Nacional de Desempenho dos Estudantes (Enade) 2019 e\/ou n\u00e3o responderam ao Question\u00e1rio do Estudante precisam justificar a aus\u00eancia. As provas que avaliam os cursos de institui\u00e7\u00f5es de ensino superior foram aplicadas no dia&nbsp;24 de novembro, com a presen\u00e7a de 390 mil estudantes, 89,6% dos inscritos.<\/p>\n\n\n\n<p>A solicita\u00e7\u00e3o de dispensa da prova deve ser feita ao coordenador de curso da institui\u00e7\u00e3o, de&nbsp;2 de janeiro&nbsp;de 2020 a&nbsp;5 de fevereiro. A prova e o preenchimento do question\u00e1rio s\u00e3o componentes curriculares obrigat\u00f3rios para que o estudante obtenha o diploma da gradua\u00e7\u00e3o.<\/p>\n\n\n\n<p>O question\u00e1rio desse ano foi respondido por 93,7% dos participantes. As institui\u00e7\u00f5es de ensino inscrevem os estudantes ingressantes e concluintes dos cursos de gradua\u00e7\u00e3o avaliados na edi\u00e7\u00e3o do Enade. Apenas os concluintes precisam fazer a prova.<\/p>\n\n\n\n<p>O Enade 2019 avalia mais de 8 mil cursos pertencentes a 29 \u00e1reas de conhecimento, ofertadas por 1.953 institui\u00e7\u00f5es de educa\u00e7\u00e3o superior.<\/p>\n\n\n\n<h2 class=\"wp-block-heading\">Crit\u00e9rios de dispensa<\/h2>\n\n\n\n<p>A regulariza\u00e7\u00e3o dos estudantes ocorrer\u00e1 de acordo com os crit\u00e9rios descritos no&nbsp;<a href=\"http:\/\/download.inep.gov.br\/educacao_superior\/enade\/edital\/2019\/edital_n43_04062019-enade2019.pdf\" target=\"_blank\" rel=\"noreferrer noopener\">edital<\/a>.<\/p>\n\n\n\n<p>Um deles \u00e9 a solicita\u00e7\u00e3o de dispensa da prova pelo pr\u00f3prio estudante em caso de acidente, assalto, casamento, extravio, perda, furto ou roubo de documento de identifica\u00e7\u00e3o, luto, acompanhamento de c\u00f4njuge transferido(a) de munic\u00edpio por seu empregador, sa\u00fade, maternidade, paternidade, atividade acad\u00eamica, concurso p\u00fablico ou processo seletivo de trabalho, interc\u00e2mbio, priva\u00e7\u00e3o de liberdade e trabalho. Ainda assim, o estudante dever\u00e1&nbsp;ter&nbsp;preenchido o question\u00e1rio no per\u00edodo estipulado em edital. Caso o coordenador do curso indefira o pedido, cabe recurso no Instituto Nacional de Estudos e Pesquisas Educacionais An\u00edsio Teixeira (Inep), que deve ser feito pelo&nbsp;<a href=\"http:\/\/enade.inep.gov.br\/enade\/#!\/index\" target=\"_blank\" rel=\"noreferrer noopener\">Sistema Enade<\/a>.<\/p>\n\n\n\n<p>A dispensa da prova tamb\u00e9m pode acontecer por iniciativa das institui\u00e7\u00f5es de ensino superior, por compromissos acad\u00eamicos vinculados ao curso avaliado pelo Enade, como atividade curricular e interc\u00e2mbio acad\u00eamico. Nesse caso, pelo Sistema Enade, a institui\u00e7\u00e3o deve apresentar declara\u00e7\u00e3o ou documento que comprove a participa\u00e7\u00e3o do estudante na atividade. Tamb\u00e9m nesses casos o estudante&nbsp;ter\u00e1 garantida a regularidade apenas se tiver preenchido o question\u00e1rio.<\/p>\n\n\n\n<p>O estudante tamb\u00e9m ser\u00e1 dispensado quando n\u00e3o tiver sido inscrito no per\u00edodo previsto ou sido informado sobre sua inscri\u00e7\u00e3o no Enade, al\u00e9m de outras situa\u00e7\u00f5es que inviabilizem integralmente a participa\u00e7\u00e3o do aluno, por ato ou omiss\u00e3o da institui\u00e7\u00e3o de ensino. Nesse caso, a regulariza\u00e7\u00e3o ocorrer\u00e1 mediante registro no Sistema Enade, por a\u00e7\u00e3o direta e exclusiva do coordenador de curso.<\/p>\n","protected":false},"excerpt":{"rendered":"<p>Os estudantes inscritos na condi\u00e7\u00e3o de concluintes regulares que n\u00e3o fizeram a prova do Exame Nacional de Desempenho dos Estudantes (Enade) 2019 e\/ou n\u00e3o responderam&hellip; <\/p>\n","protected":false},"author":1,"featured_media":52958,"comment_status":"closed","ping_status":"closed","sticky":false,"template":"","format":"standard","meta":{"sfsi_plus_gutenberg_text_before_share":"","sfsi_plus_gutenberg_show_text_before_share":"","sfsi_plus_gutenberg_icon_type":"","sfsi_plus_gutenberg_icon_alignemt":"","sfsi_plus_gutenburg_max_per_row":"","footnotes":""},"categories":[14],"tags":[],"class_list":["post-139003","post","type-post","status-publish","format-standard","has-post-thumbnail","hentry","category-educacao"],"_links":{"self":[{"href":"https:\/\/www.caririemacao.com\/1\/wp-json\/wp\/v2\/posts\/139003","targetHints":{"allow":["GET"]}}],"collection":[{"href":"https:\/\/www.caririemacao.com\/1\/wp-json\/wp\/v2\/posts"}],"about":[{"href":"https:\/\/www.caririemacao.com\/1\/wp-json\/wp\/v2\/types\/post"}],"author":[{"embeddable":true,"href":"https:\/\/www.caririemacao.com\/1\/wp-json\/wp\/v2\/users\/1"}],"replies":[{"embeddable":true,"href":"https:\/\/www.caririemacao.com\/1\/wp-json\/wp\/v2\/comments?post=139003"}],"version-history":[{"count":1,"href":"https:\/\/www.caririemacao.com\/1\/wp-json\/wp\/v2\/posts\/139003\/revisions"}],"predecessor-version":[{"id":139004,"href":"https:\/\/www.caririemacao.com\/1\/wp-json\/wp\/v2\/posts\/139003\/revisions\/139004"}],"wp:featuredmedia":[{"embeddable":true,"href":"https:\/\/www.caririemacao.com\/1\/wp-json\/wp\/v2\/media\/52958"}],"wp:attachment":[{"href":"https:\/\/www.caririemacao.com\/1\/wp-json\/wp\/v2\/media?parent=139003"}],"wp:term":[{"taxonomy":"category","embeddable":true,"href":"https:\/\/www.caririemacao.com\/1\/wp-json\/wp\/v2\/categories?post=139003"},{"taxonomy":"post_tag","embeddable":true,"href":"https:\/\/www.caririemacao.com\/1\/wp-json\/wp\/v2\/tags?post=139003"}],"curies":[{"name":"wp","href":"https:\/\/api.w.org\/{rel}","templated":true}]}}