{"id":139008,"date":"2019-12-02T10:47:13","date_gmt":"2019-12-02T13:47:13","guid":{"rendered":"http:\/\/www.caririemacao.com\/1\/?p=139008"},"modified":"2019-12-02T10:47:13","modified_gmt":"2019-12-02T13:47:13","slug":"mudancas-climaticas-forcam-20-milhoes-por-ano-a-deixarem-suas-casas","status":"publish","type":"post","link":"https:\/\/www.caririemacao.com\/1\/2019\/12\/02\/mudancas-climaticas-forcam-20-milhoes-por-ano-a-deixarem-suas-casas\/","title":{"rendered":"Mudan\u00e7as clim\u00e1ticas for\u00e7am 20 milh\u00f5es por ano a deixarem suas casas"},"content":{"rendered":"\n<p>Os desastres clim\u00e1ticos tornaram-se a principal causa da desloca\u00e7\u00e3o de pessoas em todo o mundo na \u00faltima d\u00e9cada e for\u00e7aram mais de 20 milh\u00f5es por ano a deixarem as suas casas, alertou hoje a organiza\u00e7\u00e3o n\u00e3o governamental internacional Oxfam.<\/p>\n\n\n\n<p>A organiza\u00e7\u00e3o apresentou hoje o relat\u00f3rio com o t\u00edtulo &#8220;Obrigados a deixar as suas casas&#8221;, coincidindo com o dia em que come\u00e7a, em Madrid, a Confer\u00eancia das Na\u00e7\u00f5es Unidas sobre o Clima, que se prolonga at\u00e9 dia 13 e abordar\u00e1 temas como o apoio financeiro \u00e0s comunidades afetadas pelos desastres naturais, inclusive aos deslocados afetados pela crise clim\u00e1tica.<\/p>\n\n\n\n<p>O documento da Oxfam adverte que&nbsp;atualmente \u00e9 &#8220;tr\u00eas vezes mais prov\u00e1vel que algu\u00e9m seja for\u00e7ado a deixar a sua casa por ciclones, inunda\u00e7\u00f5es ou inc\u00eandios florestais do que por conflitos, e at\u00e9 sete vezes mais do que por terremotos ou erup\u00e7\u00f5es vulc\u00e2nicas&#8221;.<\/p>\n\n\n\n<p>Segundo a ONG, que analisou dados de 2008 a 2018,&nbsp;a Espanha \u00e9 o terceiro pa\u00eds da Europa, depois da Rep\u00fablica Checa e da Gr\u00e9cia, com maior risco de a sua popula\u00e7\u00e3o ser for\u00e7ada a deslocar-se por desastres provocados pelo clima.<\/p>\n\n\n\n<p>Em particular, a Oxfam destacou no relat\u00f3rio que os mais vulner\u00e1veis s\u00e3o os cidad\u00e3os dos pa\u00edses pobres, que, apesar de serem &#8220;os que menos contribu\u00edram para a polui\u00e7\u00e3o causada pelo CO2, s\u00e3o os que est\u00e3o em maior risco&#8221;.<\/p>\n\n\n\n<p>De acordo com a organiza\u00e7\u00e3o, o impacto da crise clim\u00e1tica no mundo \u00e9 desigual e a popula\u00e7\u00e3o dos pa\u00edses de rendimento m\u00e9dio-baixo e baixo, como \u00cdndia, Nig\u00e9ria e Bol\u00edvia, tem quatro vezes mais probabilidades de ser for\u00e7ada a deslocar-se como resultado de desastres naturais do que a que vive em pa\u00edses ricos, como os Estados Unidos.<\/p>\n\n\n\n<p>Al\u00e9m disso, sete dos dez pa\u00edses com maior risco de movimentos internos de popula\u00e7\u00f5es resultantes de fen\u00f4menos meteorol\u00f3gicos extremos s\u00e3o pequenos estados insulares em desenvolvimento.<\/p>\n\n\n\n<p>Entre 2008 e 2018, em m\u00e9dia, cerca de 5% da popula\u00e7\u00e3o de Cuba, Rep\u00fablica Dominicana e Tuvalu foi obrigada a deslocar-se, por ano, devido \u00e0s condi\u00e7\u00f5es clim\u00e1ticas extremas. &#8220;O equivalente a quase metade da popula\u00e7\u00e3o de Madrid&#8221;, destacou&nbsp;a Oxfam, acrescentando que as emiss\u00f5es per capita destas \u00e1reas&nbsp;s\u00e3o &#8220;um ter\u00e7o das emiss\u00f5es de&nbsp;pa\u00edses de rendimento elevado&#8221;.<\/p>\n\n\n\n<p>O diretor executivo interino da Oxfam International, Jos\u00e9 Mar\u00eda Vera, disse que s\u00e3o as &#8220;pessoas mais pobres, dos pa\u00edses mais pobres, que pagam o pre\u00e7o mais alto&#8221;.<\/p>\n\n\n\n<p>Na confer\u00eancia sobre o clima, espera-se que a ONU conclua a primeira revis\u00e3o do Mecanismo Internacional de Vars\u00f3via para Perdas e Danos, e ainda que os pa\u00edses em desenvolvimento &#8220;impulsionem a cria\u00e7\u00e3o de um novo fundo para ajudar as comunidades a recuperarem-se e a reconstru\u00edrem os seus bens ap\u00f3s as emerg\u00eancias clim\u00e1ticas. Os governos podem e devem tornar a Cimeira de Madrid importante. Devem comprometer-se a reduzir as emiss\u00f5es mais rapidamente e com mais for\u00e7a e a criar um novo fundo para perdas e danos que ajudar\u00e1 as comunidades pobres a recuperarem-se das consequ\u00eancias dos desastres clim\u00e1ticos&#8221;, concluiu Jos\u00e9 Mar\u00eda Vera.<\/p>\n","protected":false},"excerpt":{"rendered":"<p>Os desastres clim\u00e1ticos tornaram-se a principal causa da desloca\u00e7\u00e3o de pessoas em todo o mundo na \u00faltima d\u00e9cada e for\u00e7aram mais de 20 milh\u00f5es por&hellip; <\/p>\n","protected":false},"author":1,"featured_media":717,"comment_status":"closed","ping_status":"closed","sticky":false,"template":"","format":"standard","meta":{"sfsi_plus_gutenberg_text_before_share":"","sfsi_plus_gutenberg_show_text_before_share":"","sfsi_plus_gutenberg_icon_type":"","sfsi_plus_gutenberg_icon_alignemt":"","sfsi_plus_gutenburg_max_per_row":"","footnotes":""},"categories":[2],"tags":[],"class_list":["post-139008","post","type-post","status-publish","format-standard","has-post-thumbnail","hentry","category-geral"],"_links":{"self":[{"href":"https:\/\/www.caririemacao.com\/1\/wp-json\/wp\/v2\/posts\/139008","targetHints":{"allow":["GET"]}}],"collection":[{"href":"https:\/\/www.caririemacao.com\/1\/wp-json\/wp\/v2\/posts"}],"about":[{"href":"https:\/\/www.caririemacao.com\/1\/wp-json\/wp\/v2\/types\/post"}],"author":[{"embeddable":true,"href":"https:\/\/www.caririemacao.com\/1\/wp-json\/wp\/v2\/users\/1"}],"replies":[{"embeddable":true,"href":"https:\/\/www.caririemacao.com\/1\/wp-json\/wp\/v2\/comments?post=139008"}],"version-history":[{"count":1,"href":"https:\/\/www.caririemacao.com\/1\/wp-json\/wp\/v2\/posts\/139008\/revisions"}],"predecessor-version":[{"id":139010,"href":"https:\/\/www.caririemacao.com\/1\/wp-json\/wp\/v2\/posts\/139008\/revisions\/139010"}],"wp:featuredmedia":[{"embeddable":true,"href":"https:\/\/www.caririemacao.com\/1\/wp-json\/wp\/v2\/media\/717"}],"wp:attachment":[{"href":"https:\/\/www.caririemacao.com\/1\/wp-json\/wp\/v2\/media?parent=139008"}],"wp:term":[{"taxonomy":"category","embeddable":true,"href":"https:\/\/www.caririemacao.com\/1\/wp-json\/wp\/v2\/categories?post=139008"},{"taxonomy":"post_tag","embeddable":true,"href":"https:\/\/www.caririemacao.com\/1\/wp-json\/wp\/v2\/tags?post=139008"}],"curies":[{"name":"wp","href":"https:\/\/api.w.org\/{rel}","templated":true}]}}