{"id":139014,"date":"2019-12-02T12:25:25","date_gmt":"2019-12-02T15:25:25","guid":{"rendered":"http:\/\/www.caririemacao.com\/1\/?p=139014"},"modified":"2019-12-02T12:25:25","modified_gmt":"2019-12-02T15:25:25","slug":"prefeita-de-monteiro-recebe-premio-cfa-cra-pb-de-gestao-publica","status":"publish","type":"post","link":"https:\/\/www.caririemacao.com\/1\/2019\/12\/02\/prefeita-de-monteiro-recebe-premio-cfa-cra-pb-de-gestao-publica\/","title":{"rendered":"Prefeita de Monteiro recebe pr\u00eamio CFA\/CRA-PB de Gest\u00e3o P\u00fablica"},"content":{"rendered":"\n<p>Os Conselhos Federal e Regional de Administra\u00e7\u00e3o promoveram na \u00faltima sexta-feira, 29 de novembro, o F\u00f3rum de Gest\u00e3o P\u00fablica, no audit\u00f3rio do Tribunal de Contas do Estado da Para\u00edba, em Jo\u00e3o Pessoa.<\/p>\n\n\n\n<p>O evento que tem por objetivo, discutir os caminhos da gest\u00e3o p\u00fablica e apresentar o \u00cdndice de Governan\u00e7a Municipal (IGM-CFA), realizado pelo Conselho, tamb\u00e9m premiou os gestores dos munic\u00edpios que se destacaram nos investimentos apresentados e dentre eles destaca-se o munic\u00edpio de Monteiro.<\/p>\n\n\n\n<p>\u201cRecebemos este pr\u00eamio em nome da prefeita Anna Lorena, que representa toda a equipe do funcionalismo municipal que trabalha diuturnamente para o desenvolvimento de Monteiro. Gerir uma equipe para fazer uma cidade do porte de Monteiro avan\u00e7ar \u00e9 um trabalho que requer uma dedica\u00e7\u00e3o imensa. Estamos muito felizes em receber este reconhecimento\u201d, disse a Chefe de Gabinete, F\u00e1tima Santos, que representou a prefeita Anna Lorena no evento.<\/p>\n\n\n\n<p>Para a prefeita Anna Lorena, que esteve engajada na Expo Monteiro e n\u00e3o pode se deslocar \u00e0 capital, os \u00edndices alcan\u00e7ados em Monteiro s\u00e3o fruto de planejamento e foco na execu\u00e7\u00e3o, al\u00e9m da transpar\u00eancia e zelo pela popula\u00e7\u00e3o. \u201cAgrade\u00e7o a todos que junto comigo fazem de Monteiro uma cidade cada vez melhor n\u00e3o s\u00f3 para quem vive em Monteiro, mas tamb\u00e9m para quem chega ou apenas visita. Continuaremos sempre e incansavelmente buscando o melhor para o munic\u00edpio\u201d.<\/p>\n","protected":false},"excerpt":{"rendered":"<p>Os Conselhos Federal e Regional de Administra\u00e7\u00e3o promoveram na \u00faltima sexta-feira, 29 de novembro, o F\u00f3rum de Gest\u00e3o P\u00fablica, no audit\u00f3rio do Tribunal de Contas&hellip; <\/p>\n","protected":false},"author":1,"featured_media":14254,"comment_status":"closed","ping_status":"closed","sticky":false,"template":"","format":"standard","meta":{"sfsi_plus_gutenberg_text_before_share":"","sfsi_plus_gutenberg_show_text_before_share":"","sfsi_plus_gutenberg_icon_type":"","sfsi_plus_gutenberg_icon_alignemt":"","sfsi_plus_gutenburg_max_per_row":"","footnotes":""},"categories":[6],"tags":[],"class_list":["post-139014","post","type-post","status-publish","format-standard","has-post-thumbnail","hentry","category-cidades"],"_links":{"self":[{"href":"https:\/\/www.caririemacao.com\/1\/wp-json\/wp\/v2\/posts\/139014","targetHints":{"allow":["GET"]}}],"collection":[{"href":"https:\/\/www.caririemacao.com\/1\/wp-json\/wp\/v2\/posts"}],"about":[{"href":"https:\/\/www.caririemacao.com\/1\/wp-json\/wp\/v2\/types\/post"}],"author":[{"embeddable":true,"href":"https:\/\/www.caririemacao.com\/1\/wp-json\/wp\/v2\/users\/1"}],"replies":[{"embeddable":true,"href":"https:\/\/www.caririemacao.com\/1\/wp-json\/wp\/v2\/comments?post=139014"}],"version-history":[{"count":1,"href":"https:\/\/www.caririemacao.com\/1\/wp-json\/wp\/v2\/posts\/139014\/revisions"}],"predecessor-version":[{"id":139015,"href":"https:\/\/www.caririemacao.com\/1\/wp-json\/wp\/v2\/posts\/139014\/revisions\/139015"}],"wp:featuredmedia":[{"embeddable":true,"href":"https:\/\/www.caririemacao.com\/1\/wp-json\/wp\/v2\/media\/14254"}],"wp:attachment":[{"href":"https:\/\/www.caririemacao.com\/1\/wp-json\/wp\/v2\/media?parent=139014"}],"wp:term":[{"taxonomy":"category","embeddable":true,"href":"https:\/\/www.caririemacao.com\/1\/wp-json\/wp\/v2\/categories?post=139014"},{"taxonomy":"post_tag","embeddable":true,"href":"https:\/\/www.caririemacao.com\/1\/wp-json\/wp\/v2\/tags?post=139014"}],"curies":[{"name":"wp","href":"https:\/\/api.w.org\/{rel}","templated":true}]}}