{"id":139017,"date":"2019-12-02T12:27:24","date_gmt":"2019-12-02T15:27:24","guid":{"rendered":"http:\/\/www.caririemacao.com\/1\/?p=139017"},"modified":"2019-12-02T12:27:24","modified_gmt":"2019-12-02T15:27:24","slug":"acidente-com-caminhao-da-banda-cavaleiros-do-forro-deixa-uma-pessoa-morta-na-pb","status":"publish","type":"post","link":"https:\/\/www.caririemacao.com\/1\/2019\/12\/02\/acidente-com-caminhao-da-banda-cavaleiros-do-forro-deixa-uma-pessoa-morta-na-pb\/","title":{"rendered":"Acidente com caminh\u00e3o da banda Cavaleiros do Forr\u00f3 deixa uma pessoa morta na PB"},"content":{"rendered":"\n<p>Um acidente envolvendo um caminh\u00e3o da banda Cavaleiros de Forr\u00f3 deixou uma pessoa morta na manh\u00e3 desta segunda-feira (2) na rodovia que d\u00e1 acesso a cidade Aroeiras, interior da Para\u00edba.<\/p>\n\n\n\n<p>Segundo as primeiras informa\u00e7\u00f5es repassadas pela pol\u00edcia, o ve\u00edculo colidiu com um Fiat Uno e o condutor n\u00e3o resistiu ao impacto da batida.<\/p>\n\n\n\n<p>Ainda n\u00e3o detalhes sobre os dados da v\u00edtima. N\u00e3o h\u00e1 informa\u00e7\u00f5es de mais pessoas feridas.<\/p>\n\n\n\n<p><em>Com M\u00e1rcio Rangel<\/em><\/p>\n","protected":false},"excerpt":{"rendered":"<p>Um acidente envolvendo um caminh\u00e3o da banda Cavaleiros de Forr\u00f3 deixou uma pessoa morta na manh\u00e3 desta segunda-feira (2) na rodovia que d\u00e1 acesso a&hellip; <\/p>\n","protected":false},"author":1,"featured_media":139018,"comment_status":"closed","ping_status":"closed","sticky":false,"template":"","format":"standard","meta":{"sfsi_plus_gutenberg_text_before_share":"","sfsi_plus_gutenberg_show_text_before_share":"","sfsi_plus_gutenberg_icon_type":"","sfsi_plus_gutenberg_icon_alignemt":"","sfsi_plus_gutenburg_max_per_row":"","footnotes":""},"categories":[50,12],"tags":[],"class_list":["post-139017","post","type-post","status-publish","format-standard","has-post-thumbnail","hentry","category-destaque","category-policia"],"_links":{"self":[{"href":"https:\/\/www.caririemacao.com\/1\/wp-json\/wp\/v2\/posts\/139017","targetHints":{"allow":["GET"]}}],"collection":[{"href":"https:\/\/www.caririemacao.com\/1\/wp-json\/wp\/v2\/posts"}],"about":[{"href":"https:\/\/www.caririemacao.com\/1\/wp-json\/wp\/v2\/types\/post"}],"author":[{"embeddable":true,"href":"https:\/\/www.caririemacao.com\/1\/wp-json\/wp\/v2\/users\/1"}],"replies":[{"embeddable":true,"href":"https:\/\/www.caririemacao.com\/1\/wp-json\/wp\/v2\/comments?post=139017"}],"version-history":[{"count":1,"href":"https:\/\/www.caririemacao.com\/1\/wp-json\/wp\/v2\/posts\/139017\/revisions"}],"predecessor-version":[{"id":139019,"href":"https:\/\/www.caririemacao.com\/1\/wp-json\/wp\/v2\/posts\/139017\/revisions\/139019"}],"wp:featuredmedia":[{"embeddable":true,"href":"https:\/\/www.caririemacao.com\/1\/wp-json\/wp\/v2\/media\/139018"}],"wp:attachment":[{"href":"https:\/\/www.caririemacao.com\/1\/wp-json\/wp\/v2\/media?parent=139017"}],"wp:term":[{"taxonomy":"category","embeddable":true,"href":"https:\/\/www.caririemacao.com\/1\/wp-json\/wp\/v2\/categories?post=139017"},{"taxonomy":"post_tag","embeddable":true,"href":"https:\/\/www.caririemacao.com\/1\/wp-json\/wp\/v2\/tags?post=139017"}],"curies":[{"name":"wp","href":"https:\/\/api.w.org\/{rel}","templated":true}]}}