{"id":139028,"date":"2019-12-02T13:16:04","date_gmt":"2019-12-02T16:16:04","guid":{"rendered":"http:\/\/www.caririemacao.com\/1\/?p=139028"},"modified":"2019-12-02T13:16:04","modified_gmt":"2019-12-02T16:16:04","slug":"joao-assina-protocolo-de-intencoes-para-instalacao-de-unidade-industrial-da-alumasa-na-paraiba","status":"publish","type":"post","link":"https:\/\/www.caririemacao.com\/1\/2019\/12\/02\/joao-assina-protocolo-de-intencoes-para-instalacao-de-unidade-industrial-da-alumasa-na-paraiba\/","title":{"rendered":"Jo\u00e3o assina protocolo de inten\u00e7\u00f5es para instala\u00e7\u00e3o de unidade industrial da Alumasa na Para\u00edba"},"content":{"rendered":"\n<p>O governador Jo\u00e3o Azev\u00eado assinou, nesta segunda-feira (2), na Granja Santana, em Jo\u00e3o Pessoa, um protocolo de inten\u00e7\u00f5es para a instala\u00e7\u00e3o de uma unidade industrial da Alumasa, empresa que atua no ramo de fabrica\u00e7\u00e3o de produtos metal\u00fargicos e pl\u00e1sticos, na Para\u00edba. O empreendimento ir\u00e1 funcionar no munic\u00edpio de Ing\u00e1 e deve injetar, inicialmente, R$ 15 milh\u00f5es na economia do estado, gerando emprego e renda para os paraibanos.<\/p>\n\n\n\n<p>Na ocasi\u00e3o, o governador destacou o momento favor\u00e1vel que a Para\u00edba vivencia para a atra\u00e7\u00e3o de novas empresas. \u201cA Alumasa \u00e9 uma empresa de Santa Catarina e instala, agora, uma unidade na Para\u00edba, no munic\u00edpio de Ing\u00e1, interiorizando o processo de industrializa\u00e7\u00e3o no estado, gerando, diretamente, 150 empregos, que poder\u00e3o ser ampliados nos pr\u00f3ximos anos. H\u00e1 um momento muito bom para que a Para\u00edba possa continuar recebendo investimentos e a Alumasa chega agora porque aposta na nossa estabilidade e no ambiente de neg\u00f3cio prop\u00edcio para receber novos empreendimentos\u201d, frisou.<\/p>\n\n\n\n<p>O s\u00f3cio-propriet\u00e1rio da Alumasa, Rodrigo Fontanella, afirmou que a localiza\u00e7\u00e3o estrat\u00e9gica&nbsp;e os investimentos do Estado em v\u00e1rias \u00e1reas da economia foram fundamentais para a escolha da empresa pela Para\u00edba. \u201cN\u00f3s t\u00ednhamos a inten\u00e7\u00e3o de vir para o Nordeste e, dos tr\u00eas estados que visitamos, a Para\u00edba nos chamou a aten\u00e7\u00e3o pela quest\u00e3o log\u00edstica, tendo em vista que a nossa mat\u00e9ria-prima \u00e9 100% importada da \u00c1frica, da Ar\u00e1bia e a localiza\u00e7\u00e3o do porto tamb\u00e9m nos favorece. Al\u00e9m disso, fomos muito bem recepcionados pelo Governo do Estado e a nossa meta \u00e9 de iniciarmos os trabalhos o mais r\u00e1pido poss\u00edvel, j\u00e1 que a constru\u00e7\u00e3o civil deve crescer no pr\u00f3ximo ano\u201d, explicou.<\/p>\n\n\n\n<p>A unidade industrial que funcionar\u00e1 no Estado ter\u00e1 a capacidade de produzir 3.360 toneladas de perfis de alum\u00ednio, 120 mil pe\u00e7as de esquadrias de alum\u00ednio, 96 mil pe\u00e7as de escadas de alum\u00ednio, 240 mil pe\u00e7as de caixas de descarga, 180 mil pe\u00e7as de assento sanit\u00e1rio e 2,16 milh\u00f5es de metros de mangueiras para jardim.<\/p>\n\n\n\n<p>A Alumasa tem mais de 30 anos de atua\u00e7\u00e3o no mercado e fabrica esquadrias de alum\u00ednio, acess\u00f3rios para banheiro e jardim e derivados de pl\u00e1stico. Os produtos da empresa s\u00e3o utilizados em diversos ramos industriais como metal\u00fargica, mec\u00e2nica, energias renov\u00e1veis, implementos rodovi\u00e1rios, moveleira e constru\u00e7\u00e3o civil. A Alumasa est\u00e1 presente, por meio de seus representantes, em 24 estados brasileiros, Argentina, Uruguai, Paraguai e est\u00e1 abrindo mercado em outros pa\u00edses.<\/p>\n\n\n\n<p>Os secret\u00e1rios Gustavo Feliciano (Turismo e Desenvolvimento Econ\u00f4mico); Gilmar Martins (Planejamento, Or\u00e7amento e Gest\u00e3o); Bruno Frade (executivo da Fazenda); R\u00f4mulo Polari Filho (diretor-presidente da Companhia de Desenvolvimento da Para\u00edba \u2013 Cinep); e Ronaldo Guerra (chefe de gabinete do governador) acompanharam a assinatura do protocolo de inten\u00e7\u00f5es.&nbsp;Tamb\u00e9m estiveram presentes, Leandro Spricigo e Lauri Benetti (representantes da Alumasa) e J\u00fanior Oldaque.<\/p>\n\n\n\n<p><br><\/p>\n","protected":false},"excerpt":{"rendered":"<p>O governador Jo\u00e3o Azev\u00eado assinou, nesta segunda-feira (2), na Granja Santana, em Jo\u00e3o Pessoa, um protocolo de inten\u00e7\u00f5es para a instala\u00e7\u00e3o de uma unidade industrial&hellip; <\/p>\n","protected":false},"author":1,"featured_media":139029,"comment_status":"closed","ping_status":"closed","sticky":false,"template":"","format":"standard","meta":{"sfsi_plus_gutenberg_text_before_share":"","sfsi_plus_gutenberg_show_text_before_share":"","sfsi_plus_gutenberg_icon_type":"","sfsi_plus_gutenberg_icon_alignemt":"","sfsi_plus_gutenburg_max_per_row":"","footnotes":""},"categories":[11],"tags":[],"class_list":["post-139028","post","type-post","status-publish","format-standard","has-post-thumbnail","hentry","category-politica"],"_links":{"self":[{"href":"https:\/\/www.caririemacao.com\/1\/wp-json\/wp\/v2\/posts\/139028","targetHints":{"allow":["GET"]}}],"collection":[{"href":"https:\/\/www.caririemacao.com\/1\/wp-json\/wp\/v2\/posts"}],"about":[{"href":"https:\/\/www.caririemacao.com\/1\/wp-json\/wp\/v2\/types\/post"}],"author":[{"embeddable":true,"href":"https:\/\/www.caririemacao.com\/1\/wp-json\/wp\/v2\/users\/1"}],"replies":[{"embeddable":true,"href":"https:\/\/www.caririemacao.com\/1\/wp-json\/wp\/v2\/comments?post=139028"}],"version-history":[{"count":1,"href":"https:\/\/www.caririemacao.com\/1\/wp-json\/wp\/v2\/posts\/139028\/revisions"}],"predecessor-version":[{"id":139030,"href":"https:\/\/www.caririemacao.com\/1\/wp-json\/wp\/v2\/posts\/139028\/revisions\/139030"}],"wp:featuredmedia":[{"embeddable":true,"href":"https:\/\/www.caririemacao.com\/1\/wp-json\/wp\/v2\/media\/139029"}],"wp:attachment":[{"href":"https:\/\/www.caririemacao.com\/1\/wp-json\/wp\/v2\/media?parent=139028"}],"wp:term":[{"taxonomy":"category","embeddable":true,"href":"https:\/\/www.caririemacao.com\/1\/wp-json\/wp\/v2\/categories?post=139028"},{"taxonomy":"post_tag","embeddable":true,"href":"https:\/\/www.caririemacao.com\/1\/wp-json\/wp\/v2\/tags?post=139028"}],"curies":[{"name":"wp","href":"https:\/\/api.w.org\/{rel}","templated":true}]}}