{"id":139032,"date":"2019-12-02T13:18:16","date_gmt":"2019-12-02T16:18:16","guid":{"rendered":"http:\/\/www.caririemacao.com\/1\/?p=139032"},"modified":"2019-12-02T13:18:26","modified_gmt":"2019-12-02T16:18:26","slug":"vasco-ultrapassa-inter-e-assume-2o-lugar-no-ranking-de-socios-torcedores","status":"publish","type":"post","link":"https:\/\/www.caririemacao.com\/1\/2019\/12\/02\/vasco-ultrapassa-inter-e-assume-2o-lugar-no-ranking-de-socios-torcedores\/","title":{"rendered":"Vasco ultrapassa Inter e assume 2\u00ba lugar no ranking de s\u00f3cios-torcedores"},"content":{"rendered":"\n<p> <br>O Vasco nem precisou entrar em campo neste fim de semana para a torcida comemorar. A ades\u00e3o em massa ao programa de s\u00f3cio-torcedor e a renova\u00e7\u00e3o de contrato de Talles Magno foram suficientes para o vasca\u00edno se encher de orgulho e\u00a0ter\u00a0esperan\u00e7a de momentos melhores a partir de 2020.<\/p>\n\n\n\n<p>Logo no in\u00edcio da manh\u00e3 desta segunda-feira (2), o clube j\u00e1 havia ultrapassado a marca de 126 mil s\u00f3cios, tomando a segunda coloca\u00e7\u00e3o do Internacional no ranking de s\u00f3cios do Brasil.<\/p>\n\n\n\n<figure class=\"wp-block-image\"><img decoding=\"async\" data-src=\"https:\/\/paraibaonline.com.br\/wp-content\/uploads\/2019\/12\/torcida-vasco0212.jpg\" alt=\"Foto: Reprodu\u00e7\u00e3o\" class=\"wp-image-822652 lazyload\" src=\"data:image\/svg+xml;base64,PHN2ZyB3aWR0aD0iMSIgaGVpZ2h0PSIxIiB4bWxucz0iaHR0cDovL3d3dy53My5vcmcvMjAwMC9zdmciPjwvc3ZnPg==\" \/><\/figure>\n\n\n\n<p>Foto: Reprodu\u00e7\u00e3o<\/p>\n\n\n\n<p>A expectativa \u00e9 de um aumento significativo de associados, j\u00e1 que o desconto de 50% para novos s\u00f3cios permanece at\u00e9 a \u00faltima rodada do Campeonato Brasileiro. Lembrando que antes da promo\u00e7\u00e3o, o Vasco contava com cerca de 33 mil s\u00f3cios.<\/p>\n\n\n\n<p>De acordo com o presidente Alexandre Campello, a nova receita ser\u00e1 utilizada para o pagamento dos sal\u00e1rios de funcion\u00e1rios e jogadores.<\/p>\n","protected":false},"excerpt":{"rendered":"<p>O Vasco nem precisou entrar em campo neste fim de semana para a torcida comemorar. A ades\u00e3o em massa ao programa de s\u00f3cio-torcedor e a&hellip; <\/p>\n","protected":false},"author":1,"featured_media":44165,"comment_status":"closed","ping_status":"closed","sticky":false,"template":"","format":"standard","meta":{"sfsi_plus_gutenberg_text_before_share":"","sfsi_plus_gutenberg_show_text_before_share":"","sfsi_plus_gutenberg_icon_type":"","sfsi_plus_gutenberg_icon_alignemt":"","sfsi_plus_gutenburg_max_per_row":"","footnotes":""},"categories":[13],"tags":[],"class_list":["post-139032","post","type-post","status-publish","format-standard","has-post-thumbnail","hentry","category-esportes"],"_links":{"self":[{"href":"https:\/\/www.caririemacao.com\/1\/wp-json\/wp\/v2\/posts\/139032","targetHints":{"allow":["GET"]}}],"collection":[{"href":"https:\/\/www.caririemacao.com\/1\/wp-json\/wp\/v2\/posts"}],"about":[{"href":"https:\/\/www.caririemacao.com\/1\/wp-json\/wp\/v2\/types\/post"}],"author":[{"embeddable":true,"href":"https:\/\/www.caririemacao.com\/1\/wp-json\/wp\/v2\/users\/1"}],"replies":[{"embeddable":true,"href":"https:\/\/www.caririemacao.com\/1\/wp-json\/wp\/v2\/comments?post=139032"}],"version-history":[{"count":2,"href":"https:\/\/www.caririemacao.com\/1\/wp-json\/wp\/v2\/posts\/139032\/revisions"}],"predecessor-version":[{"id":139034,"href":"https:\/\/www.caririemacao.com\/1\/wp-json\/wp\/v2\/posts\/139032\/revisions\/139034"}],"wp:featuredmedia":[{"embeddable":true,"href":"https:\/\/www.caririemacao.com\/1\/wp-json\/wp\/v2\/media\/44165"}],"wp:attachment":[{"href":"https:\/\/www.caririemacao.com\/1\/wp-json\/wp\/v2\/media?parent=139032"}],"wp:term":[{"taxonomy":"category","embeddable":true,"href":"https:\/\/www.caririemacao.com\/1\/wp-json\/wp\/v2\/categories?post=139032"},{"taxonomy":"post_tag","embeddable":true,"href":"https:\/\/www.caririemacao.com\/1\/wp-json\/wp\/v2\/tags?post=139032"}],"curies":[{"name":"wp","href":"https:\/\/api.w.org\/{rel}","templated":true}]}}