{"id":139036,"date":"2019-12-02T13:20:45","date_gmt":"2019-12-02T16:20:45","guid":{"rendered":"http:\/\/www.caririemacao.com\/1\/?p=139036"},"modified":"2019-12-02T13:20:45","modified_gmt":"2019-12-02T16:20:45","slug":"governo-bolsonaro-nomeia-novos-presidentes-para-funarte-e-biblioteca-nacional","status":"publish","type":"post","link":"https:\/\/www.caririemacao.com\/1\/2019\/12\/02\/governo-bolsonaro-nomeia-novos-presidentes-para-funarte-e-biblioteca-nacional\/","title":{"rendered":"Governo Bolsonaro nomeia novos presidentes para Funarte e Biblioteca Nacional"},"content":{"rendered":"\n<p>O governo Bolsonaro nomeou nesta segunda-feira (2) novos presidentes para a Funarte (Funda\u00e7\u00e3o Nacional de Artes) e a Biblioteca Nacional, seguindo uma reforma volumosa no quadro da Secretaria Especial da Cultura e \u00f3rg\u00e3os subordinados \u00e0 subpasta do Minist\u00e9rio do Turismo, hoje sob comando do dramaturgo e diretor Roberto Alvim.<\/p>\n\n\n\n<p>As decis\u00f5es foram publicadas no Di\u00e1rio Oficial da Uni\u00e3o.<\/p>\n\n\n\n<p>Nomeado para estar \u00e0 frente da Biblioteca Nacional, Rafael Alves da Silva, conhecido como Rafael Nogueira, \u00e9 um nome pr\u00f3ximo ao movimento conservador brasileiro e simp\u00e1tico ao grupo monarquista.&nbsp;<\/p>\n\n\n\n<p>Em sua conta no Twitter, na qual tem mais de 40 mil seguidores, o seguidor de Olavo de Carvalho se autoproclama &#8220;aspirante a fil\u00f3sofo e a pol\u00edmata&#8221;, declara apoio a Jair Bolsonaro e compartilha cr\u00edticas ao MBL (Movimento Brasil Livre).<\/p>\n\n\n\n<p>Em entrevista \u00e0 Folha de S.Paulo em outubro deste ano, Nogueira disse que n\u00e3o h\u00e1 partido conservador no pa\u00eds -incluindo o PSL, cujo surgimento ele descreveu como um &#8220;arranjo de momento&#8221; e um &#8220;improviso \u00e0 direita desamparada&#8221;.<\/p>\n\n\n\n<p>Na \u00e9poca em que Glenn Greenwald foi agredido ao vivo pelo jornalista Augusto Nunes, Nogueira defendeu Nunes nas redes sociais e compartilhou hashtags como #AugustoNunesHeroi.&nbsp;<\/p>\n\n\n\n<p>Ele assume o lugar de Helena Severo, que colocou o cargo \u00e0 disposi\u00e7\u00e3o na sexta (29) por uma carta ao secret\u00e1rio Roberto Alvim. &#8220;Essa \u00e9 uma institui\u00e7\u00e3o bicenten\u00e1ria com mais de 400 servidores. Qualquer governo tem o direito de trocar cargos de confian\u00e7a a qualquer momento. Mas n\u00e3o concordo com a forma como isso tem se dado&#8221;, disse ela \u00e0 reportagem.<\/p>\n\n\n\n<p>Maestro e doutor em m\u00fasica pela Universidade Estadual de Londrina, Dante Henrique Mantovani foi nomeado presidente da Funarte. Em seu site oficial, ele afirma ter participado de grupos como o Coro Sacro da Par\u00f3quia Nossa Senhora da Paz, al\u00e9m de corais religiosos da Igreja Cat\u00f3lica.<\/p>\n\n\n\n<p>Al\u00e9m disso, Mantovani apresentou o programa &#8220;A Grande M\u00fasica&#8221;, na r\u00e1dio M\u00e3o de Deus, de Caxias do Sul (RS), e d\u00e1 palestras em institui\u00e7\u00f5es como a Academia Militar das Agulhas Negras. No Facebook, o maestro postou um v\u00eddeo em que rege um coral, junto com o texto: &#8220;canto gregoriano em latim para crian\u00e7as, \u00e9 nisso que acredito&#8221;. Ele substitui Miguel Proen\u00e7a, exonerado em novembro.<\/p>\n\n\n\n<p>J\u00e1 na quarta (27), outros seis nomes foram nomeados para cargos na secretaria. Chegam ao governo secret\u00e1rios respons\u00e1veis pela promo\u00e7\u00e3o de diversidade cultural, de fomento e incentivo \u00e0 cultura (\u00e0 frente da Lei Rouanet), de economia criativa e da Funda\u00e7\u00e3o Palmares, al\u00e9m de um secret\u00e1rio adjunto especial.&nbsp;<\/p>\n\n\n\n<p>OS REC\u00c9M-NOMEADOS<\/p>\n\n\n\n<p>Katiane Gouv\u00eaa<br>Membro da C\u00fapula Conservadora das Am\u00e9ricas, assumiu a Secretaria do Audiovisual. Seu nome \u00e9 associado a documento que fez Bolsonaro cogitar extinguir a Ancine. Em reuni\u00e3o, defendeu a &#8216;valoriza\u00e7\u00e3o do belo e da arte cl\u00e1ssica&#8217;<\/p>\n\n\n\n<p>Reynaldo Campanatti Pereira<br>O novo secret\u00e1rio da Economia Criativa \u00e9 doutor em hist\u00f3ria econ\u00f4mica pela USP e professor de ensino superior. Paulista, foi candidato a deputado federal pelo Patriota, mas n\u00e3o foi eleito<\/p>\n\n\n\n<p>Jos\u00e9 Paulo Soares Martins<br>Ap\u00f3s liderar a secretaria de Fomento e Incentivo \u00e0 Cultura, assume como secret\u00e1rio especial adjunto da Cultura. Entrou para o governo na gest\u00e3o Temer. \u00c9 ex-diretor do Instituto Gerdau e da Funda\u00e7\u00e3o Iber\u00ea Camargo<\/p>\n\n\n\n<p>S\u00e9rgio Nascimento de Camargo<br>&#8216;Negro de direita, contr\u00e1rio ao vitimismo e ao politicamente correto&#8217;, como ele se define em seu perfil nas redes sociais, \u00e9 o novo presidente da Funda\u00e7\u00e3o Palmares, respons\u00e1vel por promover a cultura de matriz africana. Ele \u00e9 filho de escritor e militante do movimento negro.<\/p>\n\n\n\n<p>Camilo Calandreli<br>\u00c0 frente da Secretaria de Fomento e Incentivo \u00e0 Cultura, se define como crist\u00e3o, conservador e seguidor de Olavo de Carvalho. \u00c9 formado em m\u00fasica pela USP e j\u00e1 disse que a Lei Rouanet era usada pelo &#8216;marxismo cultural&#8217;<\/p>\n\n\n\n<p>OS QUE J\u00c1 FORAM EMPOSSADOS<\/p>\n\n\n\n<p>Roberto Alvim<br>Nomeado como secret\u00e1rio da Cultura, subpasta que substituiu o minist\u00e9rio extinto, o diretor teatral chegou a chamar a atriz Fernanda Montenegro de &#8216;s\u00f3rdida&#8217; e convocou, nas redes sociais, &#8216;profissionais conservadores&#8217; para &#8216;criar uma m\u00e1quina de guerra cultural&#8217;<\/p>\n\n\n\n<p>Edil\u00e1sio Barra<br>Conhecido como Tutuca, o apresentador, pastor e colunista social chegou a ser cogitado para assumir a Secretaria do Audiovisual, mas assumiu a Superintend\u00eancia de Desenvolvimento Econ\u00f4mico da Ancine, com a tarefa de gerir os recursos do Fundo Setorial do Audiovisual<\/p>\n\n\n\n<p>Let\u00edcia Dornelles<br>A roteirista e atriz assumiu a presid\u00eancia da Funda\u00e7\u00e3o Casa de Rui Barbosa, respons\u00e1vel por manter acervo de intelectuais e escritores de destaque no pa\u00eds, e foi criticada por n\u00e3o ter perfil acad\u00eamico nem ter sido indicada pelos funcion\u00e1rios do \u00f3rg\u00e3o.<\/p>\n","protected":false},"excerpt":{"rendered":"<p>O governo Bolsonaro nomeou nesta segunda-feira (2) novos presidentes para a Funarte (Funda\u00e7\u00e3o Nacional de Artes) e a Biblioteca Nacional, seguindo uma reforma volumosa no&hellip; <\/p>\n","protected":false},"author":1,"featured_media":139037,"comment_status":"closed","ping_status":"closed","sticky":false,"template":"","format":"standard","meta":{"sfsi_plus_gutenberg_text_before_share":"","sfsi_plus_gutenberg_show_text_before_share":"","sfsi_plus_gutenberg_icon_type":"","sfsi_plus_gutenberg_icon_alignemt":"","sfsi_plus_gutenburg_max_per_row":"","footnotes":""},"categories":[11],"tags":[],"class_list":["post-139036","post","type-post","status-publish","format-standard","has-post-thumbnail","hentry","category-politica"],"_links":{"self":[{"href":"https:\/\/www.caririemacao.com\/1\/wp-json\/wp\/v2\/posts\/139036","targetHints":{"allow":["GET"]}}],"collection":[{"href":"https:\/\/www.caririemacao.com\/1\/wp-json\/wp\/v2\/posts"}],"about":[{"href":"https:\/\/www.caririemacao.com\/1\/wp-json\/wp\/v2\/types\/post"}],"author":[{"embeddable":true,"href":"https:\/\/www.caririemacao.com\/1\/wp-json\/wp\/v2\/users\/1"}],"replies":[{"embeddable":true,"href":"https:\/\/www.caririemacao.com\/1\/wp-json\/wp\/v2\/comments?post=139036"}],"version-history":[{"count":1,"href":"https:\/\/www.caririemacao.com\/1\/wp-json\/wp\/v2\/posts\/139036\/revisions"}],"predecessor-version":[{"id":139038,"href":"https:\/\/www.caririemacao.com\/1\/wp-json\/wp\/v2\/posts\/139036\/revisions\/139038"}],"wp:featuredmedia":[{"embeddable":true,"href":"https:\/\/www.caririemacao.com\/1\/wp-json\/wp\/v2\/media\/139037"}],"wp:attachment":[{"href":"https:\/\/www.caririemacao.com\/1\/wp-json\/wp\/v2\/media?parent=139036"}],"wp:term":[{"taxonomy":"category","embeddable":true,"href":"https:\/\/www.caririemacao.com\/1\/wp-json\/wp\/v2\/categories?post=139036"},{"taxonomy":"post_tag","embeddable":true,"href":"https:\/\/www.caririemacao.com\/1\/wp-json\/wp\/v2\/tags?post=139036"}],"curies":[{"name":"wp","href":"https:\/\/api.w.org\/{rel}","templated":true}]}}