{"id":139043,"date":"2019-12-02T13:34:41","date_gmt":"2019-12-02T16:34:41","guid":{"rendered":"http:\/\/www.caririemacao.com\/1\/?p=139043"},"modified":"2019-12-02T13:34:41","modified_gmt":"2019-12-02T16:34:41","slug":"bolsonaro-quer-discutir-tarifas-com-trump","status":"publish","type":"post","link":"https:\/\/www.caririemacao.com\/1\/2019\/12\/02\/bolsonaro-quer-discutir-tarifas-com-trump\/","title":{"rendered":"Bolsonaro quer discutir tarifas com Trump"},"content":{"rendered":"\n<p>O presidente Jair Bolsonaro disse hoje (2) que far\u00e1 uso do \u201ccanal aberto\u201d que tem com o presidente norte-americano, Donald Trump, para conversar sobre a decis\u00e3o de retomar as tarifas cobradas para importa\u00e7\u00e3o de a\u00e7o e alum\u00ednio brasileiros.<\/p>\n\n\n\n<p>A retomada das tarifas foi anunciada pelo presidente dos Estados Unidos (EUA) em sua conta no Twitter. Segundo ele, \u201cBrasil e Argentina t\u00eam presidido uma desvaloriza\u00e7\u00e3o maci\u00e7a de suas moedas. o que n\u00e3o \u00e9 bom para os agricultores norte-americanos. Portanto, com efeito imediato, restaurarei as tarifas de todos os a\u00e7os e alum\u00ednio enviados para os EUA a partir desses pa\u00edses\u201d, disse Trump na rede social.<\/p>\n\n\n\n<p>\u201cAs reservas tamb\u00e9m devem agir para que os pa\u00edses, dos quais existem muitos, n\u00e3o aproveitem mais nosso d\u00f3lar forte, desvalorizando ainda mais suas moedas. Isso torna muito dif\u00edcil para nossos fabricantes e agricultores exportar seus produtos de maneira justa\u201d, acrescentou.<\/p>\n\n\n\n<p>Bolsonaro afirmou que o assunto ser\u00e1 tratado ainda hoje com o ministro da Economia, Paulo Guedes. \u201cVou conversar com o [Paulo] Guedes agora, e se for o caso, ligo para o Trump, porque tenho canal aberto com ele\u201d, disse o presidente durante o Na\u00e7\u00e3o Caixa \u2013 Banco de Inclus\u00e3o, evento onde foram apresentadas as a\u00e7\u00f5es j\u00e1 realizadas pelo banco em benef\u00edcio das pessoas com defici\u00eancia, incluindo clientes e empregados.<strong>Ag\u00eancia Brasil\u00a0<\/strong><\/p>\n\n\n\n<p><\/p>\n","protected":false},"excerpt":{"rendered":"<p>O presidente Jair Bolsonaro disse hoje (2) que far\u00e1 uso do \u201ccanal aberto\u201d que tem com o presidente norte-americano, Donald Trump, para conversar sobre a&hellip; <\/p>\n","protected":false},"author":1,"featured_media":132568,"comment_status":"closed","ping_status":"closed","sticky":false,"template":"","format":"standard","meta":{"sfsi_plus_gutenberg_text_before_share":"","sfsi_plus_gutenberg_show_text_before_share":"","sfsi_plus_gutenberg_icon_type":"","sfsi_plus_gutenberg_icon_alignemt":"","sfsi_plus_gutenburg_max_per_row":"","footnotes":""},"categories":[11],"tags":[],"class_list":["post-139043","post","type-post","status-publish","format-standard","has-post-thumbnail","hentry","category-politica"],"_links":{"self":[{"href":"https:\/\/www.caririemacao.com\/1\/wp-json\/wp\/v2\/posts\/139043","targetHints":{"allow":["GET"]}}],"collection":[{"href":"https:\/\/www.caririemacao.com\/1\/wp-json\/wp\/v2\/posts"}],"about":[{"href":"https:\/\/www.caririemacao.com\/1\/wp-json\/wp\/v2\/types\/post"}],"author":[{"embeddable":true,"href":"https:\/\/www.caririemacao.com\/1\/wp-json\/wp\/v2\/users\/1"}],"replies":[{"embeddable":true,"href":"https:\/\/www.caririemacao.com\/1\/wp-json\/wp\/v2\/comments?post=139043"}],"version-history":[{"count":1,"href":"https:\/\/www.caririemacao.com\/1\/wp-json\/wp\/v2\/posts\/139043\/revisions"}],"predecessor-version":[{"id":139044,"href":"https:\/\/www.caririemacao.com\/1\/wp-json\/wp\/v2\/posts\/139043\/revisions\/139044"}],"wp:featuredmedia":[{"embeddable":true,"href":"https:\/\/www.caririemacao.com\/1\/wp-json\/wp\/v2\/media\/132568"}],"wp:attachment":[{"href":"https:\/\/www.caririemacao.com\/1\/wp-json\/wp\/v2\/media?parent=139043"}],"wp:term":[{"taxonomy":"category","embeddable":true,"href":"https:\/\/www.caririemacao.com\/1\/wp-json\/wp\/v2\/categories?post=139043"},{"taxonomy":"post_tag","embeddable":true,"href":"https:\/\/www.caririemacao.com\/1\/wp-json\/wp\/v2\/tags?post=139043"}],"curies":[{"name":"wp","href":"https:\/\/api.w.org\/{rel}","templated":true}]}}