{"id":139046,"date":"2019-12-02T13:39:46","date_gmt":"2019-12-02T16:39:46","guid":{"rendered":"http:\/\/www.caririemacao.com\/1\/?p=139046"},"modified":"2019-12-02T13:39:46","modified_gmt":"2019-12-02T16:39:46","slug":"camara-municipal-parabeniza-gestao-pelo-sucesso-da-expo-feira","status":"publish","type":"post","link":"https:\/\/www.caririemacao.com\/1\/2019\/12\/02\/camara-municipal-parabeniza-gestao-pelo-sucesso-da-expo-feira\/","title":{"rendered":"C\u00e2mara Municipal parabeniza gest\u00e3o pelo sucesso da EXPO FEIRA"},"content":{"rendered":"\n<p>O Presidente da C\u00e2mara municipal Caj\u00f3 Menezes parabenizou em nome de todos os demais vereadores ao governo municipal pelo verdadeiro sucesso que foi a 14\u00aa EXPOFEIRA realizada entre 28 de Novembro e 01\u00ba de Dezembro.<br>Os vereadores participaram ativamente de toda a programa\u00e7\u00e3o desde a abertura do evento, prestigiando todas as atividades como o Festival de Violeiros, os torneios leiteiros, as palestras t\u00e9cnicas e a programa\u00e7\u00e3o musical.<br>\u201cParab\u00e9ns \u00e0 prefeita Lorena, toda a sua equipe e todos os parceiros entre eles, o SEBRAE, o Governo do estado, as institui\u00e7\u00f5es financeiras que atuaram no evento, os expositores, os prefeitos da regi\u00e3o que colaboraram com a estrutura e com os conselhos que elevaram a festa\u201d, frisou Caj\u00f3.<br>\u201cEstamos todos de parab\u00e9ns e Monteiro foi quem saiu ganhando, pois a EXPOFEIRA j\u00e1 se posiciona entre os maiores eventos do g\u00eanero em todo o estado em apenas dois anos sob a coordena\u00e7\u00e3o da atual gest\u00e3o\u201d, completou.<br>ASCOM- CMM<br><\/p>\n","protected":false},"excerpt":{"rendered":"<p>O Presidente da C\u00e2mara municipal Caj\u00f3 Menezes parabenizou em nome de todos os demais vereadores ao governo municipal pelo verdadeiro sucesso que foi a 14\u00aa&hellip; <\/p>\n","protected":false},"author":1,"featured_media":139047,"comment_status":"closed","ping_status":"closed","sticky":false,"template":"","format":"standard","meta":{"sfsi_plus_gutenberg_text_before_share":"","sfsi_plus_gutenberg_show_text_before_share":"","sfsi_plus_gutenberg_icon_type":"","sfsi_plus_gutenberg_icon_alignemt":"","sfsi_plus_gutenburg_max_per_row":"","footnotes":""},"categories":[6],"tags":[],"class_list":["post-139046","post","type-post","status-publish","format-standard","has-post-thumbnail","hentry","category-cidades"],"_links":{"self":[{"href":"https:\/\/www.caririemacao.com\/1\/wp-json\/wp\/v2\/posts\/139046","targetHints":{"allow":["GET"]}}],"collection":[{"href":"https:\/\/www.caririemacao.com\/1\/wp-json\/wp\/v2\/posts"}],"about":[{"href":"https:\/\/www.caririemacao.com\/1\/wp-json\/wp\/v2\/types\/post"}],"author":[{"embeddable":true,"href":"https:\/\/www.caririemacao.com\/1\/wp-json\/wp\/v2\/users\/1"}],"replies":[{"embeddable":true,"href":"https:\/\/www.caririemacao.com\/1\/wp-json\/wp\/v2\/comments?post=139046"}],"version-history":[{"count":1,"href":"https:\/\/www.caririemacao.com\/1\/wp-json\/wp\/v2\/posts\/139046\/revisions"}],"predecessor-version":[{"id":139048,"href":"https:\/\/www.caririemacao.com\/1\/wp-json\/wp\/v2\/posts\/139046\/revisions\/139048"}],"wp:featuredmedia":[{"embeddable":true,"href":"https:\/\/www.caririemacao.com\/1\/wp-json\/wp\/v2\/media\/139047"}],"wp:attachment":[{"href":"https:\/\/www.caririemacao.com\/1\/wp-json\/wp\/v2\/media?parent=139046"}],"wp:term":[{"taxonomy":"category","embeddable":true,"href":"https:\/\/www.caririemacao.com\/1\/wp-json\/wp\/v2\/categories?post=139046"},{"taxonomy":"post_tag","embeddable":true,"href":"https:\/\/www.caririemacao.com\/1\/wp-json\/wp\/v2\/tags?post=139046"}],"curies":[{"name":"wp","href":"https:\/\/api.w.org\/{rel}","templated":true}]}}