{"id":139050,"date":"2019-12-02T13:46:49","date_gmt":"2019-12-02T16:46:49","guid":{"rendered":"http:\/\/www.caririemacao.com\/1\/?p=139050"},"modified":"2019-12-02T13:46:49","modified_gmt":"2019-12-02T16:46:49","slug":"bandeira-tarifaria-em-dezembro-sera-amarela-diz-aneel","status":"publish","type":"post","link":"https:\/\/www.caririemacao.com\/1\/2019\/12\/02\/bandeira-tarifaria-em-dezembro-sera-amarela-diz-aneel\/","title":{"rendered":"Bandeira tarifaria em dezembro ser\u00e1 amarela, diz Aneel"},"content":{"rendered":"\n<div class=\"wp-block-image\"><figure class=\"aligncenter\"><a href=\"http:\/\/noticiasemdestaque.com\/cd\/wp-content\/uploads\/2018\/11\/Energia-el%C3%A9trica-Marcelo-Camargo-Ag%C3%AAncia-Brasil.jpg\"><img decoding=\"async\" data-src=\"http:\/\/noticiasemdestaque.com\/cd\/wp-content\/uploads\/2018\/11\/Energia-el%C3%A9trica-Marcelo-Camargo-Ag%C3%AAncia-Brasil.jpg\" alt=\"\" class=\"wp-image-13736 lazyload\" src=\"data:image\/svg+xml;base64,PHN2ZyB3aWR0aD0iMSIgaGVpZ2h0PSIxIiB4bWxucz0iaHR0cDovL3d3dy53My5vcmcvMjAwMC9zdmciPjwvc3ZnPg==\" \/><\/a><\/figure><\/div>\n\n\n\n<p>A Ag\u00eancia Nacional de Energia El\u00e9trica (Aneel) informou que a bandeira tarif\u00e1ria para o m\u00eas de dezembro de 2019 ser\u00e1 na cor amarela, com um acr\u00e9scimo de R$ 1,343 para cada 100 quilowatts-hora consumidos. Em novembro, a bandeira foi vermelha no patamar I, quando h\u00e1 um acr\u00e9scimo de R$ 4 para cada 100 quilowatts-hora consumidos.<\/p>\n\n\n\n<p>De acordo com a ag\u00eancia, a decis\u00e3o de reduzir a bandeira se deve a previs\u00e3o do incremento do volume de precipita\u00e7\u00f5es, ap\u00f3s o in\u00edcio do per\u00edodo chuvoso, com maior volume de \u00e1guas nas principais bacias hidrogr\u00e1ficas do pa\u00eds.<\/p>\n\n\n\n<p>\u201cAs previs\u00f5es meteorol\u00f3gicas sinalizam melhora nas condi\u00e7\u00f5es de chuva sobre as principais bacias hidrogr\u00e1ficas do Sistema Interligado Nacional (SIN), caracterizando o in\u00edcio do per\u00edodo \u00famido na regi\u00e3o dessas bacias\u201d, disse a Aneel.<\/p>\n\n\n\n<p>Segundo a ag\u00eancia reguladora, a previs\u00e3o hidrol\u00f3gica para o m\u00eas de dezembro \u00e9 de eleva\u00e7\u00e3o gradativa nas vaz\u00f5es afluentes aos principais reservat\u00f3rios, embora o \u00edndice esteja abaixo dos patamares de refer\u00eancia nas m\u00e9dias hist\u00f3ricas.<\/p>\n\n\n\n<p>\u201cEssa condi\u00e7\u00e3o intermedi\u00e1ria repercutir\u00e1 na capacidade de produ\u00e7\u00e3o das hidrel\u00e9tricas, ainda demandando acionamento de parte do parque termel\u00e9trico, com impactos diretos na forma\u00e7\u00e3o do pre\u00e7o da energia (PLD) e nos custos relacionados ao risco hidrol\u00f3gico (GSF)\u201d, disse a Aneel. O PLD e o GSF s\u00e3o as duas vari\u00e1veis que determinam a cor da bandeira a ser acionada.<\/p>\n\n\n\n<p>Criado pela Aneel, o sistema de bandeiras tarif\u00e1rias sinaliza o custo real da energia gerada, possibilitando aos consumidores o bom uso da energia el\u00e9trica. O funcionamento das bandeiras tarif\u00e1rias tem tr\u00eas cores: verde, amarela ou vermelha (nos patamares 1 e 2) que indicam se a energia custar\u00e1 mais ou menos em fun\u00e7\u00e3o das condi\u00e7\u00f5es de gera\u00e7\u00e3o.<\/p>\n\n\n\n<p><strong>Novos valores<\/strong><\/p>\n\n\n\n<p>No dia 21 de maio, a ag\u00eancia aprovou um reajuste no valor das bandeiras tarif\u00e1rias. Com os novos valores, caso haja o acionamento, o acr\u00e9scimo cobrado na conta pelo acionamento da bandeira amarela passou de R$ 1 para R$ 1,50 a cada 100 kWh consumidos. Apesar de o valor estimado ser de R$ 1,50, a Aneel n\u00e3o explicou o porqu\u00ea da cobran\u00e7a de R$ 1,343 em dezembro de 2019.<\/p>\n\n\n\n<p>J\u00e1 a bandeira vermelha patamar 1 passou de R$ 3 para R$ 4 a cada 100 kWh e no patamar 2 da bandeira passou de R$ 5 para R$ 6 por 100 kWh consumidos. A bandeira verde n\u00e3o tem cobran\u00e7a extra.<\/p>\n\n\n\n<p>Os recursos pagos pelos consumidores v\u00e3o para uma conta espec\u00edfica e depois s\u00e3o repassados \u00e0s distribuidoras de energia para compensar o custo extra da produ\u00e7\u00e3o de energia em per\u00edodos de seca.<\/p>\n\n\n\n<p>Ag\u00eancia Brasil<\/p>\n","protected":false},"excerpt":{"rendered":"<p>A Ag\u00eancia Nacional de Energia El\u00e9trica (Aneel) informou que a bandeira tarif\u00e1ria para o m\u00eas de dezembro de 2019 ser\u00e1 na cor amarela, com um&hellip; <\/p>\n","protected":false},"author":1,"featured_media":49306,"comment_status":"closed","ping_status":"closed","sticky":false,"template":"","format":"standard","meta":{"sfsi_plus_gutenberg_text_before_share":"","sfsi_plus_gutenberg_show_text_before_share":"","sfsi_plus_gutenberg_icon_type":"","sfsi_plus_gutenberg_icon_alignemt":"","sfsi_plus_gutenburg_max_per_row":"","footnotes":""},"categories":[2],"tags":[],"class_list":["post-139050","post","type-post","status-publish","format-standard","has-post-thumbnail","hentry","category-geral"],"_links":{"self":[{"href":"https:\/\/www.caririemacao.com\/1\/wp-json\/wp\/v2\/posts\/139050","targetHints":{"allow":["GET"]}}],"collection":[{"href":"https:\/\/www.caririemacao.com\/1\/wp-json\/wp\/v2\/posts"}],"about":[{"href":"https:\/\/www.caririemacao.com\/1\/wp-json\/wp\/v2\/types\/post"}],"author":[{"embeddable":true,"href":"https:\/\/www.caririemacao.com\/1\/wp-json\/wp\/v2\/users\/1"}],"replies":[{"embeddable":true,"href":"https:\/\/www.caririemacao.com\/1\/wp-json\/wp\/v2\/comments?post=139050"}],"version-history":[{"count":1,"href":"https:\/\/www.caririemacao.com\/1\/wp-json\/wp\/v2\/posts\/139050\/revisions"}],"predecessor-version":[{"id":139051,"href":"https:\/\/www.caririemacao.com\/1\/wp-json\/wp\/v2\/posts\/139050\/revisions\/139051"}],"wp:featuredmedia":[{"embeddable":true,"href":"https:\/\/www.caririemacao.com\/1\/wp-json\/wp\/v2\/media\/49306"}],"wp:attachment":[{"href":"https:\/\/www.caririemacao.com\/1\/wp-json\/wp\/v2\/media?parent=139050"}],"wp:term":[{"taxonomy":"category","embeddable":true,"href":"https:\/\/www.caririemacao.com\/1\/wp-json\/wp\/v2\/categories?post=139050"},{"taxonomy":"post_tag","embeddable":true,"href":"https:\/\/www.caririemacao.com\/1\/wp-json\/wp\/v2\/tags?post=139050"}],"curies":[{"name":"wp","href":"https:\/\/api.w.org\/{rel}","templated":true}]}}