{"id":139056,"date":"2019-12-02T13:49:01","date_gmt":"2019-12-02T16:49:01","guid":{"rendered":"http:\/\/www.caririemacao.com\/1\/?p=139056"},"modified":"2019-12-02T13:49:01","modified_gmt":"2019-12-02T16:49:01","slug":"desvalorizacao-da-moeda-se-deve-a-fatores-externos-diz-bolsonaro","status":"publish","type":"post","link":"https:\/\/www.caririemacao.com\/1\/2019\/12\/02\/desvalorizacao-da-moeda-se-deve-a-fatores-externos-diz-bolsonaro\/","title":{"rendered":"Desvaloriza\u00e7\u00e3o da moeda se deve a fatores externos, diz Bolsonaro"},"content":{"rendered":"\n<p>O presidente Jair Bolsonaro disse, hoje (2), n\u00e3o ver como retalia\u00e7\u00e3o ao Brasil a decis\u00e3o do&nbsp;<a href=\"http:\/\/agenciabrasil.ebc.com.br\/economia\/noticia\/2019-12\/eua-vai-restabelecer-tarifa-sobre-aco-e-aluminio-comprados-do-brasil\" target=\"_blank\" rel=\"noreferrer noopener\">governo dos Estados Unidos de aumentar as tarifas para importa\u00e7\u00e3o de a\u00e7o e alum\u00ednio brasileiros<\/a>. Segundo o presidente dos EUA, Donald Trump, Brasil e Argentina estariam for\u00e7ando uma desvaloriza\u00e7\u00e3o de suas moedas, o que tem prejudicado os agricultores daquele pa\u00eds.<\/p>\n\n\n\n<p>&#8220;N\u00e3o vejo isso como retalia\u00e7\u00e3o\u201d, disse Bolsonaro em entrevista \u00e0&nbsp;<em>R\u00e1dio Itatiaia<\/em>&nbsp;na manh\u00e3 desta segunda-feira (2). Na avalia\u00e7\u00e3o do presidente, a correla\u00e7\u00e3o n\u00e3o procede porque a desvaloriza\u00e7\u00e3o das moedas locais s\u00e3o em consequ\u00eancia de fatores externos. \u201cO mundo est\u00e1 conectado. A pr\u00f3pria briga comercial entre Estados Unidos e China influenciam o d\u00f3lar aqui, assim como coisas que acontecem no Chile, nas elei\u00e7\u00f5es na Argentina e no Uruguai. Tudo est\u00e1 conectado\u201d, argumentou o presidente.<\/p>\n\n\n\n<p>Bolsonaro disse que o assunto ser\u00e1 conversado com o ministro da Economia, Paulo Guedes, ainda hoje. \u201cSe for o caso, vou ligar para o Trump. A economia deles \u00e9 dezenas de vezes maior do que a nossa\u201d, disse.<\/p>\n\n\n\n<p>A retomada das tarifas foi anunciada pelo presidente dos Estados Unidos (EUA) em sua conta no Twitter. Segundo ele, \u201cBrasil e Argentina t\u00eam presidido uma desvaloriza\u00e7\u00e3o maci\u00e7a de suas moedas, o que n\u00e3o \u00e9 bom para os agricultores norte-americanos. Portanto, com efeito imediato, restaurarei as tarifas de todos os a\u00e7os e alum\u00ednio enviados para os EUA a partir desses pa\u00edses\u201d, disse Trump na rede social.<\/p>\n\n\n\n<p>\u201cAs reservas tamb\u00e9m devem agir para que os pa\u00edses, dos quais existem muitos, n\u00e3o aproveitem mais nosso d\u00f3lar forte, desvalorizando ainda mais suas moedas. Isso torna muito dif\u00edcil para nossos fabricantes e agricultores exportar seus produtos de maneira justa\u201d, acrescentou o presidente norte-americano.<\/p>\n\n\n\n<h2 class=\"wp-block-heading\">Reformas<\/h2>\n\n\n\n<p>Bolsonaro reiterou que as reformas pol\u00edtica e tribut\u00e1ria ter\u00e3o seu formato final decidido no Congresso Nacional, e n\u00e3o pelo Executivo. \u201cO povo pede muito uma reforma pol\u00edtica. N\u00e3o tenho poder para isso. Ela vai de acordo com o entendimento dos parlamentares\u201d, disse, acrescentando que \u201cuma simplifica\u00e7\u00e3o tribut\u00e1ria \u00e9 muito bem-vinda. N\u00e3o adianta mandar para l\u00e1 [Congresso Nacional] o que \u00e9 ideal, mas o que \u00e9 poss\u00edvel de ser aprovado. Se os governos anteriores tivessem desburocratizado, desregulamentado e simplificado muita coisa, o Brasil estaria muito melhor do que est\u00e1 no momento\u201d.<\/p>\n\n\n\n<h2 class=\"wp-block-heading\">Imposto de renda<\/h2>\n\n\n\n<p>Bolsonaro comentou tamb\u00e9m da limita\u00e7\u00e3o que tem para cumprir sua promessa de campanha, de aumentar para R$ 5 mil a faixa de isen\u00e7\u00e3o para imposto de renda pessoa f\u00edsica. Segundo ele, esse \u00e9 um exemplo das \u201cdiferen\u00e7as entre o que queria fazer e o do que pode ser feito\u201d.<\/p>\n\n\n\n<p>\u201cGostaria de entregar meu governo tornando isento quem ganha at\u00e9 R$ 5 mil por m\u00eas. Estamos trabalhando para, este ano, chegarmos a R$ 2 mil. Espero cumprir [a promessa de] R$ 5mil at\u00e9 o final do mandato\u201d.<\/p>\n\n\n\n<p>Nas conversas com a equipe econ\u00f4mica, Bolsonaro disse que tem argumentado que o aumento da margem se justifica pelo fato de que quase todo imposto acaba retornando ao contribuinte, quando esse faz sua declara\u00e7\u00e3o. Portanto, segundo o presidente, esse aumento na margem acabaria por \u201cpoupar trabalho\u201d para a pr\u00f3pria Receita Federal.<\/p>\n\n\n\n<p>\u201cTem rea\u00e7\u00e3o por parte da equipe econ\u00f4mica ou da Receita, quando digo isso? Tem. Em parte for\u00e7o um pouco a barra, mas n\u00e3o vou constranger a equipe econ\u00f4mica nem a Receita Federal. Acredito que meus argumentos sejam ouvidos por eles, apesar de eu n\u00e3o entender de economia\u201d, completou.<\/p>\n\n\n\n<h2 class=\"wp-block-heading\">Juros<\/h2>\n\n\n\n<p>Mais cedo, ao participar do evento onde a Caixa Econ\u00f4mica Federal apresentou as a\u00e7\u00f5es realizadas pelo banco em prol das pessoas com defici\u00eancia, Bolsonaro disse que a atua\u00e7\u00e3o do banco, no sentido de baixar juros, est\u00e1 influenciando positivamente os bancos privados a fazerem o mesmo.<\/p>\n\n\n\n<p>\u201cA Caixa, sem qualquer interfer\u00eancia por parte do presidente da Rep\u00fablica, est\u00e1 obrigando outros bancos a seguirem seu exemplo de administra\u00e7\u00e3o, sob o risco de perder mais do que clientes, lucro. Ao tomar a decis\u00e3o de diminuir taxas, ela ganha cada vez mais clientes, al\u00e9m de diminuir a inadimpl\u00eancia e, obviamente, aumentar o lucro\u201d.<\/p>\n","protected":false},"excerpt":{"rendered":"<p>O presidente Jair Bolsonaro disse, hoje (2), n\u00e3o ver como retalia\u00e7\u00e3o ao Brasil a decis\u00e3o do&nbsp;governo dos Estados Unidos de aumentar as tarifas para importa\u00e7\u00e3o&hellip; <\/p>\n","protected":false},"author":1,"featured_media":139057,"comment_status":"closed","ping_status":"closed","sticky":false,"template":"","format":"standard","meta":{"sfsi_plus_gutenberg_text_before_share":"","sfsi_plus_gutenberg_show_text_before_share":"","sfsi_plus_gutenberg_icon_type":"","sfsi_plus_gutenberg_icon_alignemt":"","sfsi_plus_gutenburg_max_per_row":"","footnotes":""},"categories":[11],"tags":[],"class_list":["post-139056","post","type-post","status-publish","format-standard","has-post-thumbnail","hentry","category-politica"],"_links":{"self":[{"href":"https:\/\/www.caririemacao.com\/1\/wp-json\/wp\/v2\/posts\/139056","targetHints":{"allow":["GET"]}}],"collection":[{"href":"https:\/\/www.caririemacao.com\/1\/wp-json\/wp\/v2\/posts"}],"about":[{"href":"https:\/\/www.caririemacao.com\/1\/wp-json\/wp\/v2\/types\/post"}],"author":[{"embeddable":true,"href":"https:\/\/www.caririemacao.com\/1\/wp-json\/wp\/v2\/users\/1"}],"replies":[{"embeddable":true,"href":"https:\/\/www.caririemacao.com\/1\/wp-json\/wp\/v2\/comments?post=139056"}],"version-history":[{"count":1,"href":"https:\/\/www.caririemacao.com\/1\/wp-json\/wp\/v2\/posts\/139056\/revisions"}],"predecessor-version":[{"id":139058,"href":"https:\/\/www.caririemacao.com\/1\/wp-json\/wp\/v2\/posts\/139056\/revisions\/139058"}],"wp:featuredmedia":[{"embeddable":true,"href":"https:\/\/www.caririemacao.com\/1\/wp-json\/wp\/v2\/media\/139057"}],"wp:attachment":[{"href":"https:\/\/www.caririemacao.com\/1\/wp-json\/wp\/v2\/media?parent=139056"}],"wp:term":[{"taxonomy":"category","embeddable":true,"href":"https:\/\/www.caririemacao.com\/1\/wp-json\/wp\/v2\/categories?post=139056"},{"taxonomy":"post_tag","embeddable":true,"href":"https:\/\/www.caririemacao.com\/1\/wp-json\/wp\/v2\/tags?post=139056"}],"curies":[{"name":"wp","href":"https:\/\/api.w.org\/{rel}","templated":true}]}}