{"id":139060,"date":"2019-12-02T16:55:46","date_gmt":"2019-12-02T19:55:46","guid":{"rendered":"http:\/\/www.caririemacao.com\/1\/?p=139060"},"modified":"2019-12-02T16:55:46","modified_gmt":"2019-12-02T19:55:46","slug":"em-sertania-jovem-de-18-anos-e-preso-por-danos-ao-predio-do-forum","status":"publish","type":"post","link":"https:\/\/www.caririemacao.com\/1\/2019\/12\/02\/em-sertania-jovem-de-18-anos-e-preso-por-danos-ao-predio-do-forum\/","title":{"rendered":"Em Sert\u00e2nia jovem de 18 anos \u00e9 preso por danos ao pr\u00e9dio do f\u00f3rum"},"content":{"rendered":"\n<p>Neste domingo, dia 1\u00ba de dezembro, policiais militares das equipes da GT de Sert\u00e2nia e Rocam realizavam com abordagens quando foram informadas que estavam praticando desordem no f\u00f3rum local, onde foi verificado que o vidro da janela lateral estava quebrado.<\/p>\n\n\n\n<p>Ap\u00f3s rondas fora identificado o autor do fato que afirmou que quebrou o referido vidro. Diante do fato, o imputado, jovem de 18 anos de idade, foi apresentado a Delegacia de Pol\u00edcia de Arcoverde onde foi autuado em flagrante delito e ser\u00e1 apresentado na audi\u00eancia de cust\u00f3dia.<\/p>\n\n\n\n<p><\/p>\n\n\n\n<p>Tribuna do Moxot\u00f3<\/p>\n","protected":false},"excerpt":{"rendered":"<p>Neste domingo, dia 1\u00ba de dezembro, policiais militares das equipes da GT de Sert\u00e2nia e Rocam realizavam com abordagens quando foram informadas que estavam praticando&hellip; <\/p>\n","protected":false},"author":1,"featured_media":15928,"comment_status":"closed","ping_status":"closed","sticky":false,"template":"","format":"standard","meta":{"sfsi_plus_gutenberg_text_before_share":"","sfsi_plus_gutenberg_show_text_before_share":"","sfsi_plus_gutenberg_icon_type":"","sfsi_plus_gutenberg_icon_alignemt":"","sfsi_plus_gutenburg_max_per_row":"","footnotes":""},"categories":[12],"tags":[],"class_list":["post-139060","post","type-post","status-publish","format-standard","has-post-thumbnail","hentry","category-policia"],"_links":{"self":[{"href":"https:\/\/www.caririemacao.com\/1\/wp-json\/wp\/v2\/posts\/139060","targetHints":{"allow":["GET"]}}],"collection":[{"href":"https:\/\/www.caririemacao.com\/1\/wp-json\/wp\/v2\/posts"}],"about":[{"href":"https:\/\/www.caririemacao.com\/1\/wp-json\/wp\/v2\/types\/post"}],"author":[{"embeddable":true,"href":"https:\/\/www.caririemacao.com\/1\/wp-json\/wp\/v2\/users\/1"}],"replies":[{"embeddable":true,"href":"https:\/\/www.caririemacao.com\/1\/wp-json\/wp\/v2\/comments?post=139060"}],"version-history":[{"count":1,"href":"https:\/\/www.caririemacao.com\/1\/wp-json\/wp\/v2\/posts\/139060\/revisions"}],"predecessor-version":[{"id":139099,"href":"https:\/\/www.caririemacao.com\/1\/wp-json\/wp\/v2\/posts\/139060\/revisions\/139099"}],"wp:featuredmedia":[{"embeddable":true,"href":"https:\/\/www.caririemacao.com\/1\/wp-json\/wp\/v2\/media\/15928"}],"wp:attachment":[{"href":"https:\/\/www.caririemacao.com\/1\/wp-json\/wp\/v2\/media?parent=139060"}],"wp:term":[{"taxonomy":"category","embeddable":true,"href":"https:\/\/www.caririemacao.com\/1\/wp-json\/wp\/v2\/categories?post=139060"},{"taxonomy":"post_tag","embeddable":true,"href":"https:\/\/www.caririemacao.com\/1\/wp-json\/wp\/v2\/tags?post=139060"}],"curies":[{"name":"wp","href":"https:\/\/api.w.org\/{rel}","templated":true}]}}