{"id":139067,"date":"2019-12-02T15:12:41","date_gmt":"2019-12-02T18:12:41","guid":{"rendered":"http:\/\/www.caririemacao.com\/1\/?p=139067"},"modified":"2019-12-02T15:12:41","modified_gmt":"2019-12-02T18:12:41","slug":"joao-anuncia-investimento-de-r-3-milhoes-para-compra-de-equipamentos-destinados-ao-corpo-de-bombeiros-e-a-pm","status":"publish","type":"post","link":"https:\/\/www.caririemacao.com\/1\/2019\/12\/02\/joao-anuncia-investimento-de-r-3-milhoes-para-compra-de-equipamentos-destinados-ao-corpo-de-bombeiros-e-a-pm\/","title":{"rendered":"Jo\u00e3o anuncia investimento de R$ 3 milh\u00f5es para compra de equipamentos destinados ao Corpo de Bombeiros e \u00e0 PM"},"content":{"rendered":"\n<p>Em entrevista ao programa Fala Governador, na r\u00e1dio Tabajara, o governador Jo\u00e3o Azev\u00eado al\u00e9m de confirmar&nbsp;presen\u00e7a na solenidade de conclus\u00e3o do curso de forma\u00e7\u00e3o de&nbsp;500 profissionais da Pol\u00edcia Militar e do Corpo de Bombeiros, que ser\u00e1 realizada nesta ter\u00e7a-feira (3), no Ponto de Cem Reis, em Jo\u00e3o Pessoa, o gestor aproveitou para anunciar o investimento de R$ 3 milh\u00f5es para a compra de equipamentos que ser\u00e3o destinados para ambos os \u00f3rg\u00e3os.&nbsp;<\/p>\n\n\n\n<p>Dentre alguns dos equipamentos que ser\u00e3o adquiridos est\u00e1 a compra de cinco ve\u00edculos, tr\u00eas&nbsp;moto aqu\u00e1ticas, um&nbsp;drone, seis&nbsp;ve\u00edculos 4&#215;4, al\u00e9m de outros equipamentos para ajudar na seguran\u00e7a do estado.&nbsp;<br><\/p>\n\n\n\n<p>Segundo o gestor, os investimentos fazem parte da pol\u00edtica de moderniza\u00e7\u00e3o dos equipamentos de seguran\u00e7a do Estado.&nbsp;<\/p>\n","protected":false},"excerpt":{"rendered":"<p>Em entrevista ao programa Fala Governador, na r\u00e1dio Tabajara, o governador Jo\u00e3o Azev\u00eado al\u00e9m de confirmar&nbsp;presen\u00e7a na solenidade de conclus\u00e3o do curso de forma\u00e7\u00e3o de&nbsp;500&hellip; <\/p>\n","protected":false},"author":1,"featured_media":124170,"comment_status":"closed","ping_status":"closed","sticky":false,"template":"","format":"standard","meta":{"sfsi_plus_gutenberg_text_before_share":"","sfsi_plus_gutenberg_show_text_before_share":"","sfsi_plus_gutenberg_icon_type":"","sfsi_plus_gutenberg_icon_alignemt":"","sfsi_plus_gutenburg_max_per_row":"","footnotes":""},"categories":[11],"tags":[],"class_list":["post-139067","post","type-post","status-publish","format-standard","has-post-thumbnail","hentry","category-politica"],"_links":{"self":[{"href":"https:\/\/www.caririemacao.com\/1\/wp-json\/wp\/v2\/posts\/139067","targetHints":{"allow":["GET"]}}],"collection":[{"href":"https:\/\/www.caririemacao.com\/1\/wp-json\/wp\/v2\/posts"}],"about":[{"href":"https:\/\/www.caririemacao.com\/1\/wp-json\/wp\/v2\/types\/post"}],"author":[{"embeddable":true,"href":"https:\/\/www.caririemacao.com\/1\/wp-json\/wp\/v2\/users\/1"}],"replies":[{"embeddable":true,"href":"https:\/\/www.caririemacao.com\/1\/wp-json\/wp\/v2\/comments?post=139067"}],"version-history":[{"count":1,"href":"https:\/\/www.caririemacao.com\/1\/wp-json\/wp\/v2\/posts\/139067\/revisions"}],"predecessor-version":[{"id":139068,"href":"https:\/\/www.caririemacao.com\/1\/wp-json\/wp\/v2\/posts\/139067\/revisions\/139068"}],"wp:featuredmedia":[{"embeddable":true,"href":"https:\/\/www.caririemacao.com\/1\/wp-json\/wp\/v2\/media\/124170"}],"wp:attachment":[{"href":"https:\/\/www.caririemacao.com\/1\/wp-json\/wp\/v2\/media?parent=139067"}],"wp:term":[{"taxonomy":"category","embeddable":true,"href":"https:\/\/www.caririemacao.com\/1\/wp-json\/wp\/v2\/categories?post=139067"},{"taxonomy":"post_tag","embeddable":true,"href":"https:\/\/www.caririemacao.com\/1\/wp-json\/wp\/v2\/tags?post=139067"}],"curies":[{"name":"wp","href":"https:\/\/api.w.org\/{rel}","templated":true}]}}