{"id":139072,"date":"2019-12-02T15:15:15","date_gmt":"2019-12-02T18:15:15","guid":{"rendered":"http:\/\/www.caririemacao.com\/1\/?p=139072"},"modified":"2019-12-02T15:15:15","modified_gmt":"2019-12-02T18:15:15","slug":"professores-de-sao-joao-do-tigre-participam-de-capacitacao-em-educacao-infantil-na-cidade-de-campina-grande","status":"publish","type":"post","link":"https:\/\/www.caririemacao.com\/1\/2019\/12\/02\/professores-de-sao-joao-do-tigre-participam-de-capacitacao-em-educacao-infantil-na-cidade-de-campina-grande\/","title":{"rendered":"Professores de S\u00e3o Jo\u00e3o do Tigre participam de capacita\u00e7\u00e3o em educa\u00e7\u00e3o infantil na cidade de Campina Grande"},"content":{"rendered":"\n<p>Uma comitiva de professores do ensino infantil da rede municipal de S\u00e3o Jo\u00e3o do Tigre est\u00e1 participando em Campina Grande de uma importante forma\u00e7\u00e3o.<br>Trata-se do Curso de Extens\u00e3o: \u201cA Base Nacional Comum Curricular e o Cotidiano das Institui\u00e7\u00f5es de Educa\u00e7\u00e3o Infantil\u201d<br>O evento est\u00e1 sendo realizado na UFCG, no Centro de Extens\u00e3o Jos\u00e9 Farias N\u00f3brega e conta com a participa\u00e7\u00e3o de renomados professores paraibanos como a Profa. Dra. Denise Maria de Carvalho Lopes, e a professora Maria Suzana Brito de Medeiros.<br>Entre os temas abordados est\u00e3o; \u201cEduca\u00e7\u00e3o infantil, cultura e curr\u00edculos\u201d, e outros mais .<br><\/p>\n\n\n\n<figure class=\"wp-block-image\"><a href=\"https:\/\/1.bp.blogspot.com\/-UKmwaI-kLxw\/XeVTAP4lGMI\/AAAAAAAAHF0\/-9iNbusQfcsWhN9oO2HjSVrrVTnl7tmoQCLcBGAsYHQ\/s1600\/aq.jpg\"><img decoding=\"async\" data-src=\"https:\/\/1.bp.blogspot.com\/-UKmwaI-kLxw\/XeVTAP4lGMI\/AAAAAAAAHF0\/-9iNbusQfcsWhN9oO2HjSVrrVTnl7tmoQCLcBGAsYHQ\/s280\/aq.jpg\" alt=\"\" src=\"data:image\/svg+xml;base64,PHN2ZyB3aWR0aD0iMSIgaGVpZ2h0PSIxIiB4bWxucz0iaHR0cDovL3d3dy53My5vcmcvMjAwMC9zdmciPjwvc3ZnPg==\" class=\"lazyload\" \/><\/a><\/figure>\n\n\n\n<p>Quinze munic\u00edpios do Cariri paraibano foram agraciados pela capacita\u00e7\u00e3o, e de acordo com a secret\u00e1ria de educa\u00e7\u00e3o do munic\u00edpio de S\u00e3o Jo\u00e3o do Tigre Cristiane Costa, a atual gest\u00e3o n\u00e3o mediu esfor\u00e7os para viabilizar a presen\u00e7a dos professores tigrenses nesta etapa.<br>Ali\u00e1s, de acordo com a secret\u00e1ria, a capacita\u00e7\u00e3o dos profissionais da rede municipal, tem sido exemplo da valoriza\u00e7\u00e3o e da importancia que o prefeito C\u00e9lio Barbosa instituiu como prioridade desde o in\u00edcio de sua 1\u00aa gest\u00e3o.<br>F\u00c1BIO BRITO<\/p>\n","protected":false},"excerpt":{"rendered":"<p>Uma comitiva de professores do ensino infantil da rede municipal de S\u00e3o Jo\u00e3o do Tigre est\u00e1 participando em Campina Grande de uma importante forma\u00e7\u00e3o.Trata-se do&hellip; <\/p>\n","protected":false},"author":1,"featured_media":139073,"comment_status":"closed","ping_status":"closed","sticky":false,"template":"","format":"standard","meta":{"sfsi_plus_gutenberg_text_before_share":"","sfsi_plus_gutenberg_show_text_before_share":"","sfsi_plus_gutenberg_icon_type":"","sfsi_plus_gutenberg_icon_alignemt":"","sfsi_plus_gutenburg_max_per_row":"","footnotes":""},"categories":[2],"tags":[],"class_list":["post-139072","post","type-post","status-publish","format-standard","has-post-thumbnail","hentry","category-geral"],"_links":{"self":[{"href":"https:\/\/www.caririemacao.com\/1\/wp-json\/wp\/v2\/posts\/139072","targetHints":{"allow":["GET"]}}],"collection":[{"href":"https:\/\/www.caririemacao.com\/1\/wp-json\/wp\/v2\/posts"}],"about":[{"href":"https:\/\/www.caririemacao.com\/1\/wp-json\/wp\/v2\/types\/post"}],"author":[{"embeddable":true,"href":"https:\/\/www.caririemacao.com\/1\/wp-json\/wp\/v2\/users\/1"}],"replies":[{"embeddable":true,"href":"https:\/\/www.caririemacao.com\/1\/wp-json\/wp\/v2\/comments?post=139072"}],"version-history":[{"count":1,"href":"https:\/\/www.caririemacao.com\/1\/wp-json\/wp\/v2\/posts\/139072\/revisions"}],"predecessor-version":[{"id":139074,"href":"https:\/\/www.caririemacao.com\/1\/wp-json\/wp\/v2\/posts\/139072\/revisions\/139074"}],"wp:featuredmedia":[{"embeddable":true,"href":"https:\/\/www.caririemacao.com\/1\/wp-json\/wp\/v2\/media\/139073"}],"wp:attachment":[{"href":"https:\/\/www.caririemacao.com\/1\/wp-json\/wp\/v2\/media?parent=139072"}],"wp:term":[{"taxonomy":"category","embeddable":true,"href":"https:\/\/www.caririemacao.com\/1\/wp-json\/wp\/v2\/categories?post=139072"},{"taxonomy":"post_tag","embeddable":true,"href":"https:\/\/www.caririemacao.com\/1\/wp-json\/wp\/v2\/tags?post=139072"}],"curies":[{"name":"wp","href":"https:\/\/api.w.org\/{rel}","templated":true}]}}