{"id":139092,"date":"2019-12-02T15:31:56","date_gmt":"2019-12-02T18:31:56","guid":{"rendered":"http:\/\/www.caririemacao.com\/1\/?p=139092"},"modified":"2019-12-02T15:31:56","modified_gmt":"2019-12-02T18:31:56","slug":"termina-campeonato-municipal-de-futebol-de-sao-joao-do-tigre-com-sucesso-e-grande-premiacao","status":"publish","type":"post","link":"https:\/\/www.caririemacao.com\/1\/2019\/12\/02\/termina-campeonato-municipal-de-futebol-de-sao-joao-do-tigre-com-sucesso-e-grande-premiacao\/","title":{"rendered":"Termina Campeonato Municipal de futebol de S\u00e3o Jo\u00e3o do Tigre com sucesso e grande premia\u00e7\u00e3o"},"content":{"rendered":"\n<p>Terminou mais uma grande competi\u00e7\u00e3o esportiva promovida pela Prefeitura Municipal de S\u00e3o Jo\u00e3o do Tigre atrav\u00e9s da Secretaria de cultura e esportes.<\/p>\n\n\n\n<p>Neste Domingo, 01, tivemos a decis\u00e3o Campeonato Municipal de futebol amador da cidade e o grande campe\u00e3o foi o Atl\u00e9tico de Cacimbinha<\/p>\n\n\n\n<p>O vice campeonato ficou com a equipe do Sevilla Tigrense, enquanto que o Terceiro lugar foi dos Vaqueiros de Cacimbinha, com a Quarta coloca\u00e7\u00e3o ficando com o Flamengo de Lagoa de Luiz<\/p>\n\n\n\n<p>O investimento realizado pela gest\u00e3o municipal se traduziu na excelente competi\u00e7\u00e3o realizada e na premia\u00e7\u00e3o que foi entregue ainda ontem, disponibilizada com recursos pr\u00f3prios do munic\u00edpio.<\/p>\n\n\n\n<p>De acordo com o secret\u00e1rio de finan\u00e7as Marcio Leite, a premia\u00e7\u00e3o foi a seguinte:<\/p>\n\n\n\n<ul class=\"wp-block-list\"><li>Campe\u00e3o: 1.700 reais + trof\u00e9u + medalhas<\/li><li>Vice campe\u00e3o: 1.000 reais + trof\u00e9u + medalhas<\/li><li>Terceiro lugar: 500 reais + trof\u00e9u + medalhas<\/li><li>Melhor jogador: 150 reais + trof\u00e9u<\/li><li>Melhor goleiro: 150 reais + trof\u00e9u<\/li><\/ul>\n\n\n\n<p>\u201cParabenizamos a todos os participantes da competi\u00e7\u00e3o e encerramos mais um evento com a sensa\u00e7\u00e3o do dever cumprido. Promovemos o esporte e o lazer mobilizando o p\u00fablico de todos os recantos do munic\u00edpio\u201d, disse o prefeito C\u00e9lio Barbosa ap\u00f3s o encerramento da competi\u00e7\u00e3o.<\/p>\n\n\n\n<p><em>Com F\u00e1bio Brito<\/em><\/p>\n","protected":false},"excerpt":{"rendered":"<p>Terminou mais uma grande competi\u00e7\u00e3o esportiva promovida pela Prefeitura Municipal de S\u00e3o Jo\u00e3o do Tigre atrav\u00e9s da Secretaria de cultura e esportes. Neste Domingo, 01,&hellip; <\/p>\n","protected":false},"author":1,"featured_media":139093,"comment_status":"closed","ping_status":"closed","sticky":false,"template":"","format":"standard","meta":{"sfsi_plus_gutenberg_text_before_share":"","sfsi_plus_gutenberg_show_text_before_share":"","sfsi_plus_gutenberg_icon_type":"","sfsi_plus_gutenberg_icon_alignemt":"","sfsi_plus_gutenburg_max_per_row":"","footnotes":""},"categories":[13],"tags":[],"class_list":["post-139092","post","type-post","status-publish","format-standard","has-post-thumbnail","hentry","category-esportes"],"_links":{"self":[{"href":"https:\/\/www.caririemacao.com\/1\/wp-json\/wp\/v2\/posts\/139092","targetHints":{"allow":["GET"]}}],"collection":[{"href":"https:\/\/www.caririemacao.com\/1\/wp-json\/wp\/v2\/posts"}],"about":[{"href":"https:\/\/www.caririemacao.com\/1\/wp-json\/wp\/v2\/types\/post"}],"author":[{"embeddable":true,"href":"https:\/\/www.caririemacao.com\/1\/wp-json\/wp\/v2\/users\/1"}],"replies":[{"embeddable":true,"href":"https:\/\/www.caririemacao.com\/1\/wp-json\/wp\/v2\/comments?post=139092"}],"version-history":[{"count":1,"href":"https:\/\/www.caririemacao.com\/1\/wp-json\/wp\/v2\/posts\/139092\/revisions"}],"predecessor-version":[{"id":139094,"href":"https:\/\/www.caririemacao.com\/1\/wp-json\/wp\/v2\/posts\/139092\/revisions\/139094"}],"wp:featuredmedia":[{"embeddable":true,"href":"https:\/\/www.caririemacao.com\/1\/wp-json\/wp\/v2\/media\/139093"}],"wp:attachment":[{"href":"https:\/\/www.caririemacao.com\/1\/wp-json\/wp\/v2\/media?parent=139092"}],"wp:term":[{"taxonomy":"category","embeddable":true,"href":"https:\/\/www.caririemacao.com\/1\/wp-json\/wp\/v2\/categories?post=139092"},{"taxonomy":"post_tag","embeddable":true,"href":"https:\/\/www.caririemacao.com\/1\/wp-json\/wp\/v2\/tags?post=139092"}],"curies":[{"name":"wp","href":"https:\/\/api.w.org\/{rel}","templated":true}]}}