{"id":139100,"date":"2019-12-02T16:56:43","date_gmt":"2019-12-02T19:56:43","guid":{"rendered":"http:\/\/www.caririemacao.com\/1\/?p=139100"},"modified":"2019-12-02T16:56:43","modified_gmt":"2019-12-02T19:56:43","slug":"senador-admite-seguir-joao-azevedo-na-saida-do-psb","status":"publish","type":"post","link":"https:\/\/www.caririemacao.com\/1\/2019\/12\/02\/senador-admite-seguir-joao-azevedo-na-saida-do-psb\/","title":{"rendered":"Senador admite seguir Jo\u00e3o Azev\u00eado na sa\u00edda do PSB"},"content":{"rendered":"\n<p>O senador Veneziano Vital do R\u00eago (PSB) concedeu, dias atr\u00e1s, uma entrevista \u00e0 TV Arapuan, de Jo\u00e3o Pessoa, na qual explicitou que \u201ceu me dou muito bem com a senadora Daniella Ribeiro (PP)\u201d.<\/p>\n\n\n\n<p>Igualmente, disse que \u201ceu provavelmente nas as disputarei\u201d, acerca das elei\u00e7\u00f5es do ano que vem.<\/p>\n\n\n\n<p>Ainda o `V\u00b4, sobre a crise no seu partido: \u201cEu estou \u00e0 vontade no PSB, mas obvio que tenho que esperar (a posi\u00e7\u00e3o do governador Jo\u00e3o Azevedo)\u201d.<\/p>\n\n\n\n<p>O senador admitiu que \u201cexiste a possibilidade de acompanh\u00e1-lo (governador) na sa\u00edda da legenda socialista. \u201cTudo \u00e9 poss\u00edvel\u201d, emendou.<\/p>\n\n\n\n<p>*com informa\u00e7\u00f5es da coluna Aparte, assinada pelo jornalista Arimat\u00e9a Souza<\/p>\n","protected":false},"excerpt":{"rendered":"<p>O senador Veneziano Vital do R\u00eago (PSB) concedeu, dias atr\u00e1s, uma entrevista \u00e0 TV Arapuan, de Jo\u00e3o Pessoa, na qual explicitou que \u201ceu me dou&hellip; <\/p>\n","protected":false},"author":1,"featured_media":36121,"comment_status":"closed","ping_status":"closed","sticky":false,"template":"","format":"standard","meta":{"sfsi_plus_gutenberg_text_before_share":"","sfsi_plus_gutenberg_show_text_before_share":"","sfsi_plus_gutenberg_icon_type":"","sfsi_plus_gutenberg_icon_alignemt":"","sfsi_plus_gutenburg_max_per_row":"","footnotes":""},"categories":[11],"tags":[],"class_list":["post-139100","post","type-post","status-publish","format-standard","has-post-thumbnail","hentry","category-politica"],"_links":{"self":[{"href":"https:\/\/www.caririemacao.com\/1\/wp-json\/wp\/v2\/posts\/139100","targetHints":{"allow":["GET"]}}],"collection":[{"href":"https:\/\/www.caririemacao.com\/1\/wp-json\/wp\/v2\/posts"}],"about":[{"href":"https:\/\/www.caririemacao.com\/1\/wp-json\/wp\/v2\/types\/post"}],"author":[{"embeddable":true,"href":"https:\/\/www.caririemacao.com\/1\/wp-json\/wp\/v2\/users\/1"}],"replies":[{"embeddable":true,"href":"https:\/\/www.caririemacao.com\/1\/wp-json\/wp\/v2\/comments?post=139100"}],"version-history":[{"count":1,"href":"https:\/\/www.caririemacao.com\/1\/wp-json\/wp\/v2\/posts\/139100\/revisions"}],"predecessor-version":[{"id":139101,"href":"https:\/\/www.caririemacao.com\/1\/wp-json\/wp\/v2\/posts\/139100\/revisions\/139101"}],"wp:featuredmedia":[{"embeddable":true,"href":"https:\/\/www.caririemacao.com\/1\/wp-json\/wp\/v2\/media\/36121"}],"wp:attachment":[{"href":"https:\/\/www.caririemacao.com\/1\/wp-json\/wp\/v2\/media?parent=139100"}],"wp:term":[{"taxonomy":"category","embeddable":true,"href":"https:\/\/www.caririemacao.com\/1\/wp-json\/wp\/v2\/categories?post=139100"},{"taxonomy":"post_tag","embeddable":true,"href":"https:\/\/www.caririemacao.com\/1\/wp-json\/wp\/v2\/tags?post=139100"}],"curies":[{"name":"wp","href":"https:\/\/api.w.org\/{rel}","templated":true}]}}