{"id":139102,"date":"2019-12-02T16:58:28","date_gmt":"2019-12-02T19:58:28","guid":{"rendered":"http:\/\/www.caririemacao.com\/1\/?p=139102"},"modified":"2019-12-02T16:58:28","modified_gmt":"2019-12-02T19:58:28","slug":"policia-federal-prende-suspeito-de-planejar-atentado-a-jair-bolsonaro","status":"publish","type":"post","link":"https:\/\/www.caririemacao.com\/1\/2019\/12\/02\/policia-federal-prende-suspeito-de-planejar-atentado-a-jair-bolsonaro\/","title":{"rendered":"Pol\u00edcia Federal prende suspeito de planejar atentado a Jair Bolsonaro"},"content":{"rendered":"\n<p>A Pol\u00edcia Federal cumpriu neste domingo dois mandados de busca e apreens\u00e3o, nas cidades mineiras de Tr\u00eas Cora\u00e7\u00f5es e Alfenas, expedidos pela Justi\u00e7a Federal, a fim de apurar crime contra a seguran\u00e7a nacional (artigo 20 da Lei n. 7170\/83).<\/p>\n\n\n\n<p>A investiga\u00e7\u00e3o teve in\u00edcio ap\u00f3s um homem ser detido, na \u00faltima sexta-feira (29), por ter feito men\u00e7\u00e3o, em rede social, postando fotos e v\u00eddeos de suposto plano que visava a atentar contra o Presidente da Rep\u00fablica Jair Messias Bolsonaro.<\/p>\n\n\n\n<p>Na data, o Presidente estava em visita oficial \u00e0 Escola de Sargentos das Armas (ESA), de Tr\u00eas Cora\u00e7\u00f5es, por ocasi\u00e3o de solenidade de formatura do Curso de Sargentos.&nbsp;<\/p>\n\n\n\n<p>O suspeito trabalhava como terceirizado na ESA e aparecia em v\u00eddeos postados em redes sociais.<\/p>\n\n\n\n<p>O crime investigado tem pena de 3 a 10 anos de reclus\u00e3o. A investiga\u00e7\u00e3o tramita em segredo de Justi\u00e7a.<\/p>\n\n\n\n<figure class=\"wp-block-image\"><img decoding=\"async\" data-src=\"https:\/\/www.clickpb.com.br\/media\/filer_public\/68\/c0\/68c0fa65-48d4-469d-8499-fcbc4eb03604\/ekzekr3woaai9lq.jpg\" alt=\"\" src=\"data:image\/svg+xml;base64,PHN2ZyB3aWR0aD0iMSIgaGVpZ2h0PSIxIiB4bWxucz0iaHR0cDovL3d3dy53My5vcmcvMjAwMC9zdmciPjwvc3ZnPg==\" class=\"lazyload\" \/><\/figure>\n","protected":false},"excerpt":{"rendered":"<p>A Pol\u00edcia Federal cumpriu neste domingo dois mandados de busca e apreens\u00e3o, nas cidades mineiras de Tr\u00eas Cora\u00e7\u00f5es e Alfenas, expedidos pela Justi\u00e7a Federal, a&hellip; <\/p>\n","protected":false},"author":1,"featured_media":106135,"comment_status":"closed","ping_status":"closed","sticky":false,"template":"","format":"standard","meta":{"sfsi_plus_gutenberg_text_before_share":"","sfsi_plus_gutenberg_show_text_before_share":"","sfsi_plus_gutenberg_icon_type":"","sfsi_plus_gutenberg_icon_alignemt":"","sfsi_plus_gutenburg_max_per_row":"","footnotes":""},"categories":[12],"tags":[],"class_list":["post-139102","post","type-post","status-publish","format-standard","has-post-thumbnail","hentry","category-policia"],"_links":{"self":[{"href":"https:\/\/www.caririemacao.com\/1\/wp-json\/wp\/v2\/posts\/139102","targetHints":{"allow":["GET"]}}],"collection":[{"href":"https:\/\/www.caririemacao.com\/1\/wp-json\/wp\/v2\/posts"}],"about":[{"href":"https:\/\/www.caririemacao.com\/1\/wp-json\/wp\/v2\/types\/post"}],"author":[{"embeddable":true,"href":"https:\/\/www.caririemacao.com\/1\/wp-json\/wp\/v2\/users\/1"}],"replies":[{"embeddable":true,"href":"https:\/\/www.caririemacao.com\/1\/wp-json\/wp\/v2\/comments?post=139102"}],"version-history":[{"count":1,"href":"https:\/\/www.caririemacao.com\/1\/wp-json\/wp\/v2\/posts\/139102\/revisions"}],"predecessor-version":[{"id":139104,"href":"https:\/\/www.caririemacao.com\/1\/wp-json\/wp\/v2\/posts\/139102\/revisions\/139104"}],"wp:featuredmedia":[{"embeddable":true,"href":"https:\/\/www.caririemacao.com\/1\/wp-json\/wp\/v2\/media\/106135"}],"wp:attachment":[{"href":"https:\/\/www.caririemacao.com\/1\/wp-json\/wp\/v2\/media?parent=139102"}],"wp:term":[{"taxonomy":"category","embeddable":true,"href":"https:\/\/www.caririemacao.com\/1\/wp-json\/wp\/v2\/categories?post=139102"},{"taxonomy":"post_tag","embeddable":true,"href":"https:\/\/www.caririemacao.com\/1\/wp-json\/wp\/v2\/tags?post=139102"}],"curies":[{"name":"wp","href":"https:\/\/api.w.org\/{rel}","templated":true}]}}