{"id":139106,"date":"2019-12-02T17:00:05","date_gmt":"2019-12-02T20:00:05","guid":{"rendered":"http:\/\/www.caririemacao.com\/1\/?p=139106"},"modified":"2019-12-02T17:00:05","modified_gmt":"2019-12-02T20:00:05","slug":"smds-de-monteiro-alerta-beneficiarios-do-bpc-para-atualizacao-cadastral","status":"publish","type":"post","link":"https:\/\/www.caririemacao.com\/1\/2019\/12\/02\/smds-de-monteiro-alerta-beneficiarios-do-bpc-para-atualizacao-cadastral\/","title":{"rendered":"SMDS de Monteiro alerta benefici\u00e1rios do BPC para atualiza\u00e7\u00e3o cadastral"},"content":{"rendered":"\n<p>O Governo Federal alerta atrav\u00e9s da Secretaria de Desenvolvimento Social sobre a atualiza\u00e7\u00e3o cadastral para os benefici\u00e1rios que recebem o Benef\u00edcio de Presta\u00e7\u00e3o Continuada (BPC).\u00a0 O registro da inscri\u00e7\u00e3o no Cadastro \u00danico para Programas Sociais do Governo Federal \u00e9 obrigat\u00f3rio e, quem ainda n\u00e3o o fez, pode ter o benef\u00edcio suspenso.Quem recebe o BPC, e ainda n\u00e3o realizou a atualiza\u00e7\u00e3o, que \u00e9 feita de dois em dois anos, \u00a0e ainda n\u00e3o est\u00e1 no Cadastro \u00danico deve procurar a Secretaria de Desenvolvimento Social no setor do Bolsa Fam\u00edlia, \u00e9 necess\u00e1rio ter em m\u00e3os o Cadastro de Pessoa F\u00edsica (CPF) e o comprovante de resid\u00eancia para o cadastramento. A inscri\u00e7\u00e3o tamb\u00e9m pode ser feita pelo respons\u00e1vel familiar, contanto que leve os documentos de todas as pessoas que moram com o benefici\u00e1rio.O BPC tem o valor de um sal\u00e1rio m\u00ednimo e \u00e9 pago mensalmente a idosos acima de 65 anos e pessoas com defici\u00eancia que possuem renda familiar de at\u00e9 R$ 238. Entre as vantagens de fazer parte do Cadastro \u00danico, est\u00e1 a possibilidade de participar de v\u00e1rios programas sociais do governo.De acordo com a secret\u00e1ria da pasta, Rosa Aleixo, os benefici\u00e1rios que j\u00e1 realizaram a atualiza\u00e7\u00e3o no prazo de dois anos n\u00e3o devem se preocupar \u201cEsta campanha de atualiza\u00e7\u00e3o cadastral de direciona mais para quem n\u00e3o realizou em dois anos, ou caso haja alguma altera\u00e7\u00e3o na composi\u00e7\u00e3o familiar. \u00c9 importante ficar atento para manter o cadastro sempre regular, para que n\u00e3o haja a possibilidade do corte do benef\u00edcio. Nossas equipes est\u00e3o prontos para atende-los\u201d.<strong>Atualiza\u00e7\u00e3o Cadastral<\/strong><br>A atualiza\u00e7\u00e3o deve ser feita na Secretaria de Desenvolvimento Social de segunda a sexta, das 08 \u00e0s 13 horas no setor do Bolsa Fam\u00edlia.<br><\/p>\n","protected":false},"excerpt":{"rendered":"<p>O Governo Federal alerta atrav\u00e9s da Secretaria de Desenvolvimento Social sobre a atualiza\u00e7\u00e3o cadastral para os benefici\u00e1rios que recebem o Benef\u00edcio de Presta\u00e7\u00e3o Continuada (BPC).\u00a0&hellip; <\/p>\n","protected":false},"author":1,"featured_media":139107,"comment_status":"closed","ping_status":"closed","sticky":false,"template":"","format":"standard","meta":{"sfsi_plus_gutenberg_text_before_share":"","sfsi_plus_gutenberg_show_text_before_share":"","sfsi_plus_gutenberg_icon_type":"","sfsi_plus_gutenberg_icon_alignemt":"","sfsi_plus_gutenburg_max_per_row":"","footnotes":""},"categories":[50,2],"tags":[],"class_list":["post-139106","post","type-post","status-publish","format-standard","has-post-thumbnail","hentry","category-destaque","category-geral"],"_links":{"self":[{"href":"https:\/\/www.caririemacao.com\/1\/wp-json\/wp\/v2\/posts\/139106","targetHints":{"allow":["GET"]}}],"collection":[{"href":"https:\/\/www.caririemacao.com\/1\/wp-json\/wp\/v2\/posts"}],"about":[{"href":"https:\/\/www.caririemacao.com\/1\/wp-json\/wp\/v2\/types\/post"}],"author":[{"embeddable":true,"href":"https:\/\/www.caririemacao.com\/1\/wp-json\/wp\/v2\/users\/1"}],"replies":[{"embeddable":true,"href":"https:\/\/www.caririemacao.com\/1\/wp-json\/wp\/v2\/comments?post=139106"}],"version-history":[{"count":1,"href":"https:\/\/www.caririemacao.com\/1\/wp-json\/wp\/v2\/posts\/139106\/revisions"}],"predecessor-version":[{"id":139108,"href":"https:\/\/www.caririemacao.com\/1\/wp-json\/wp\/v2\/posts\/139106\/revisions\/139108"}],"wp:featuredmedia":[{"embeddable":true,"href":"https:\/\/www.caririemacao.com\/1\/wp-json\/wp\/v2\/media\/139107"}],"wp:attachment":[{"href":"https:\/\/www.caririemacao.com\/1\/wp-json\/wp\/v2\/media?parent=139106"}],"wp:term":[{"taxonomy":"category","embeddable":true,"href":"https:\/\/www.caririemacao.com\/1\/wp-json\/wp\/v2\/categories?post=139106"},{"taxonomy":"post_tag","embeddable":true,"href":"https:\/\/www.caririemacao.com\/1\/wp-json\/wp\/v2\/tags?post=139106"}],"curies":[{"name":"wp","href":"https:\/\/api.w.org\/{rel}","templated":true}]}}