{"id":139109,"date":"2019-12-02T17:59:55","date_gmt":"2019-12-02T20:59:55","guid":{"rendered":"http:\/\/www.caririemacao.com\/1\/?p=139109"},"modified":"2019-12-02T17:59:55","modified_gmt":"2019-12-02T20:59:55","slug":"prefeito-inacio-nobrega-participa-de-audiencia-com-o-secretario-de-educacao-do-estado","status":"publish","type":"post","link":"https:\/\/www.caririemacao.com\/1\/2019\/12\/02\/prefeito-inacio-nobrega-participa-de-audiencia-com-o-secretario-de-educacao-do-estado\/","title":{"rendered":"Prefeito In\u00e1cio N\u00f3brega participa de Audi\u00eancia com o Secret\u00e1rio de Educa\u00e7\u00e3o do Estado"},"content":{"rendered":"\n<p>Na manh\u00e3 desta segunda-feira (02), o prefeito In\u00e1cio N\u00f3brega esteve acompanhado da chefe de gabinete Josenice Silva, do vereador C\u00edcero Maciel e do suplente de vereador Luciano Gordo, al\u00e9m do Deputado Estadual Genival Matias em audi\u00eancia com o secret\u00e1rio Cl\u00e1udio Furtado, respons\u00e1vel pela secretaria de estado da educa\u00e7\u00e3o, ci\u00eancia e tecnologia.<br>Na pauta a discuss\u00e3o em torno do in\u00edcio das obras de constru\u00e7\u00e3o da nova escola da Rede Estadual de Ensino no munic\u00edpio.<br><a href=\"https:\/\/1.bp.blogspot.com\/-u9Az_udsaLo\/XeVpwNXLu0I\/AAAAAAABGeE\/Uj_KOGp1yXYxajnyYyQQMtloWft6SXDtwCLcBGAsYHQ\/s1600\/WhatsApp%2BImage%2B2019-12-02%2Bat%2B1.11.51%2BPM%2B%25281%2529.jpeg\"><\/a><br>O Prefeito In\u00e1cio N\u00f3brega solicitou ao secret\u00e1rio com o apoio do deputado Genival Matias, uma maior celeridade por parte do Governo do Estado quanto \u00e0 inicia\u00e7\u00e3o das obras.<br>O Deputado Genival Matias foi enf\u00e1tico ao afirmar junto \u00e0 comitiva do prefeito, que ir\u00e1 acompanhar todo processo burocr\u00e1tico e solicitar junto ao governador Jo\u00e3o Azevedo, o in\u00edcio das obras.<br>Ascom<br><\/p>\n","protected":false},"excerpt":{"rendered":"<p>Na manh\u00e3 desta segunda-feira (02), o prefeito In\u00e1cio N\u00f3brega esteve acompanhado da chefe de gabinete Josenice Silva, do vereador C\u00edcero Maciel e do suplente de&hellip; <\/p>\n","protected":false},"author":1,"featured_media":139110,"comment_status":"closed","ping_status":"closed","sticky":false,"template":"","format":"standard","meta":{"sfsi_plus_gutenberg_text_before_share":"","sfsi_plus_gutenberg_show_text_before_share":"","sfsi_plus_gutenberg_icon_type":"","sfsi_plus_gutenberg_icon_alignemt":"","sfsi_plus_gutenburg_max_per_row":"","footnotes":""},"categories":[6],"tags":[],"class_list":["post-139109","post","type-post","status-publish","format-standard","has-post-thumbnail","hentry","category-cidades"],"_links":{"self":[{"href":"https:\/\/www.caririemacao.com\/1\/wp-json\/wp\/v2\/posts\/139109","targetHints":{"allow":["GET"]}}],"collection":[{"href":"https:\/\/www.caririemacao.com\/1\/wp-json\/wp\/v2\/posts"}],"about":[{"href":"https:\/\/www.caririemacao.com\/1\/wp-json\/wp\/v2\/types\/post"}],"author":[{"embeddable":true,"href":"https:\/\/www.caririemacao.com\/1\/wp-json\/wp\/v2\/users\/1"}],"replies":[{"embeddable":true,"href":"https:\/\/www.caririemacao.com\/1\/wp-json\/wp\/v2\/comments?post=139109"}],"version-history":[{"count":1,"href":"https:\/\/www.caririemacao.com\/1\/wp-json\/wp\/v2\/posts\/139109\/revisions"}],"predecessor-version":[{"id":139111,"href":"https:\/\/www.caririemacao.com\/1\/wp-json\/wp\/v2\/posts\/139109\/revisions\/139111"}],"wp:featuredmedia":[{"embeddable":true,"href":"https:\/\/www.caririemacao.com\/1\/wp-json\/wp\/v2\/media\/139110"}],"wp:attachment":[{"href":"https:\/\/www.caririemacao.com\/1\/wp-json\/wp\/v2\/media?parent=139109"}],"wp:term":[{"taxonomy":"category","embeddable":true,"href":"https:\/\/www.caririemacao.com\/1\/wp-json\/wp\/v2\/categories?post=139109"},{"taxonomy":"post_tag","embeddable":true,"href":"https:\/\/www.caririemacao.com\/1\/wp-json\/wp\/v2\/tags?post=139109"}],"curies":[{"name":"wp","href":"https:\/\/api.w.org\/{rel}","templated":true}]}}