{"id":139113,"date":"2019-12-02T18:13:56","date_gmt":"2019-12-02T21:13:56","guid":{"rendered":"http:\/\/www.caririemacao.com\/1\/?p=139113"},"modified":"2019-12-02T18:13:56","modified_gmt":"2019-12-02T21:13:56","slug":"federacao-de-jornalistas-aponta-111-ataques-de-bolsonaro-a-imprensa","status":"publish","type":"post","link":"https:\/\/www.caririemacao.com\/1\/2019\/12\/02\/federacao-de-jornalistas-aponta-111-ataques-de-bolsonaro-a-imprensa\/","title":{"rendered":"Federa\u00e7\u00e3o de jornalistas aponta 111 ataques de Bolsonaro \u00e0 imprensa"},"content":{"rendered":"\n<p>O presidente da Rep\u00fablica Jair Bolsonaro, pr\u00f3ximo de completar o primeiro ano de mandato Jair Bolsonaro soma 111 ataques \u00e0 imprensa em 2019, o levantamento foi realizado pela Federa\u00e7\u00e3o Nacional dos Jornalistas (Fenaj), que analisou o discurso do gestor entre 1\u00ba de janeiro e 30 de novembro.<\/p>\n\n\n\n<p>No \u00faltimo m\u00eas, por exemplo, foram registradas 12 ocorr\u00eancias, classificadas como \u201cdescredibiliza\u00e7\u00e3o da imprensa\u201d. O presidente realizou um ataque \u00e0 imprensa a cada tr\u00eas dias no governo, conforme m\u00e9dia do levantamento.<\/p>\n\n\n\n<p>A pesquisa leva em considera\u00e7\u00e3o discursos e entrevistas oficiais, que constam no site do Planalto, al\u00e9m de publica\u00e7\u00f5es postadas no Twitter de Bolsonaro.<\/p>\n\n\n\n<p>A Fenaj classificou 100 que ataque foram feitos com o intuito de tirar a credibilidade da imprensa e os outros 11 dirigidos diretamente a profissionais de imprensa. Uma publica\u00e7\u00e3o realizada no m\u00eas de novembro pelo Twitter, o presidente disse que \u201cum ve\u00edculo de imprensa qualquer faz sua an\u00e1lise e divulga suas mentiras\u201d.<\/p>\n\n\n\n<p>MaisPB<\/p>\n","protected":false},"excerpt":{"rendered":"<p>O presidente da Rep\u00fablica Jair Bolsonaro, pr\u00f3ximo de completar o primeiro ano de mandato Jair Bolsonaro soma 111 ataques \u00e0 imprensa em 2019, o levantamento&hellip; <\/p>\n","protected":false},"author":1,"featured_media":107081,"comment_status":"closed","ping_status":"closed","sticky":false,"template":"","format":"standard","meta":{"sfsi_plus_gutenberg_text_before_share":"","sfsi_plus_gutenberg_show_text_before_share":"","sfsi_plus_gutenberg_icon_type":"","sfsi_plus_gutenberg_icon_alignemt":"","sfsi_plus_gutenburg_max_per_row":"","footnotes":""},"categories":[2],"tags":[],"class_list":["post-139113","post","type-post","status-publish","format-standard","has-post-thumbnail","hentry","category-geral"],"_links":{"self":[{"href":"https:\/\/www.caririemacao.com\/1\/wp-json\/wp\/v2\/posts\/139113","targetHints":{"allow":["GET"]}}],"collection":[{"href":"https:\/\/www.caririemacao.com\/1\/wp-json\/wp\/v2\/posts"}],"about":[{"href":"https:\/\/www.caririemacao.com\/1\/wp-json\/wp\/v2\/types\/post"}],"author":[{"embeddable":true,"href":"https:\/\/www.caririemacao.com\/1\/wp-json\/wp\/v2\/users\/1"}],"replies":[{"embeddable":true,"href":"https:\/\/www.caririemacao.com\/1\/wp-json\/wp\/v2\/comments?post=139113"}],"version-history":[{"count":1,"href":"https:\/\/www.caririemacao.com\/1\/wp-json\/wp\/v2\/posts\/139113\/revisions"}],"predecessor-version":[{"id":139114,"href":"https:\/\/www.caririemacao.com\/1\/wp-json\/wp\/v2\/posts\/139113\/revisions\/139114"}],"wp:featuredmedia":[{"embeddable":true,"href":"https:\/\/www.caririemacao.com\/1\/wp-json\/wp\/v2\/media\/107081"}],"wp:attachment":[{"href":"https:\/\/www.caririemacao.com\/1\/wp-json\/wp\/v2\/media?parent=139113"}],"wp:term":[{"taxonomy":"category","embeddable":true,"href":"https:\/\/www.caririemacao.com\/1\/wp-json\/wp\/v2\/categories?post=139113"},{"taxonomy":"post_tag","embeddable":true,"href":"https:\/\/www.caririemacao.com\/1\/wp-json\/wp\/v2\/tags?post=139113"}],"curies":[{"name":"wp","href":"https:\/\/api.w.org\/{rel}","templated":true}]}}