{"id":139116,"date":"2019-12-02T18:14:46","date_gmt":"2019-12-02T21:14:46","guid":{"rendered":"http:\/\/www.caririemacao.com\/1\/?p=139116"},"modified":"2019-12-02T18:14:46","modified_gmt":"2019-12-02T21:14:46","slug":"seminario-discute-violencia-praticada-contra-mulher-com-deficiencia","status":"publish","type":"post","link":"https:\/\/www.caririemacao.com\/1\/2019\/12\/02\/seminario-discute-violencia-praticada-contra-mulher-com-deficiencia\/","title":{"rendered":"Semin\u00e1rio discute viol\u00eancia praticada contra mulher com defici\u00eancia"},"content":{"rendered":"\n<p>A Comiss\u00e3o de Defesa dos Direitos das Pessoas com Defici\u00eancia da C\u00e2mara dos Deputados realiza um semin\u00e1rio nesta quarta-feira (4) para discutir a viol\u00eancia contra a mulher no Brasil.<\/p>\n\n\n\n<p>O evento foi sugerido pelas deputadas Carmen Zanotto (Cidadania-SC), S\u00e2mia Bomfim (Psol-SP), Maria Rosas (Republicanos-SP) e Rejane Dias (PT-PI).<\/p>\n\n\n\n<p>Elas lembram que a Lei Maria da Penha, que criou mecanismos para coibir a viol\u00eancia dom\u00e9stica, leva o nome de uma mulher com defici\u00eancia.<\/p>\n\n\n\n<p>A cearense Maria da Penha foi v\u00edtima do seu pr\u00f3prio marido, que tentou mat\u00e1-la com um tiro. A viol\u00eancia a deixou parapl\u00e9gica.<\/p>\n\n\n\n<p>Debatedores<br>Foram convidados para participar do evento, entre outros:<br>\u2013 um representante do Conselho Nacional de Justi\u00e7a (CNJ);<br>\u2013 um representante do Minist\u00e9rio da Mulher, da Fam\u00edlia e dos Direitos Humanos;<br>\u2013 um representante da ONU Mulheres; e<br>\u2013 a Conselheira do Conselho Nacional dos Direitos da Pessoa com Defici\u00eancia La\u00eds Porto.<\/p>\n\n\n\n<p>Confira a lista completa de convidados<\/p>\n\n\n\n<p>Participa\u00e7\u00e3o popular<br>O semin\u00e1rio ser\u00e1 realizado no plen\u00e1rio 13, a partir das 15 horas. Quem quiser poder\u00e1 participar do evento pela internet. Clique no banner abaixo e envie perguntas, coment\u00e1rio, cr\u00edticas e sugest\u00f5es aos deputados e convidados.<\/p>\n","protected":false},"excerpt":{"rendered":"<p>A Comiss\u00e3o de Defesa dos Direitos das Pessoas com Defici\u00eancia da C\u00e2mara dos Deputados realiza um semin\u00e1rio nesta quarta-feira (4) para discutir a viol\u00eancia contra&hellip; <\/p>\n","protected":false},"author":1,"featured_media":139117,"comment_status":"closed","ping_status":"closed","sticky":false,"template":"","format":"standard","meta":{"sfsi_plus_gutenberg_text_before_share":"","sfsi_plus_gutenberg_show_text_before_share":"","sfsi_plus_gutenberg_icon_type":"","sfsi_plus_gutenberg_icon_alignemt":"","sfsi_plus_gutenburg_max_per_row":"","footnotes":""},"categories":[2],"tags":[],"class_list":["post-139116","post","type-post","status-publish","format-standard","has-post-thumbnail","hentry","category-geral"],"_links":{"self":[{"href":"https:\/\/www.caririemacao.com\/1\/wp-json\/wp\/v2\/posts\/139116","targetHints":{"allow":["GET"]}}],"collection":[{"href":"https:\/\/www.caririemacao.com\/1\/wp-json\/wp\/v2\/posts"}],"about":[{"href":"https:\/\/www.caririemacao.com\/1\/wp-json\/wp\/v2\/types\/post"}],"author":[{"embeddable":true,"href":"https:\/\/www.caririemacao.com\/1\/wp-json\/wp\/v2\/users\/1"}],"replies":[{"embeddable":true,"href":"https:\/\/www.caririemacao.com\/1\/wp-json\/wp\/v2\/comments?post=139116"}],"version-history":[{"count":1,"href":"https:\/\/www.caririemacao.com\/1\/wp-json\/wp\/v2\/posts\/139116\/revisions"}],"predecessor-version":[{"id":139118,"href":"https:\/\/www.caririemacao.com\/1\/wp-json\/wp\/v2\/posts\/139116\/revisions\/139118"}],"wp:featuredmedia":[{"embeddable":true,"href":"https:\/\/www.caririemacao.com\/1\/wp-json\/wp\/v2\/media\/139117"}],"wp:attachment":[{"href":"https:\/\/www.caririemacao.com\/1\/wp-json\/wp\/v2\/media?parent=139116"}],"wp:term":[{"taxonomy":"category","embeddable":true,"href":"https:\/\/www.caririemacao.com\/1\/wp-json\/wp\/v2\/categories?post=139116"},{"taxonomy":"post_tag","embeddable":true,"href":"https:\/\/www.caririemacao.com\/1\/wp-json\/wp\/v2\/tags?post=139116"}],"curies":[{"name":"wp","href":"https:\/\/api.w.org\/{rel}","templated":true}]}}