{"id":139120,"date":"2019-12-02T18:15:53","date_gmt":"2019-12-02T21:15:53","guid":{"rendered":"http:\/\/www.caririemacao.com\/1\/?p=139120"},"modified":"2019-12-02T18:15:53","modified_gmt":"2019-12-02T21:15:53","slug":"julian-lemos-critica-postura-de-bolsonaro-e-de-seus-filhos-todo-mundo-vira-traidor","status":"publish","type":"post","link":"https:\/\/www.caririemacao.com\/1\/2019\/12\/02\/julian-lemos-critica-postura-de-bolsonaro-e-de-seus-filhos-todo-mundo-vira-traidor\/","title":{"rendered":"Julian Lemos critica postura de Bolsonaro e de seus filhos: &#8216;todo mundo vira traidor&#8217;"},"content":{"rendered":"\n<p>O deputado federal paraibano Julian Lemos participou nesta segunda-feira (02) do P\u00e2nico, da r\u00e1dio Jovem Pan, e teceu duras cr\u00edticas ao presidente Jair Bolsonaro e seus filhos. Aliados de primeira hora nas \u00faltimas elei\u00e7\u00f5es, os dois acabaram se afastando neste ano de 2019 ap\u00f3s o racha no PSL que culminou com a sa\u00edda de Bolsonaro da legenda para funda\u00e7\u00e3o de outro partido.<\/p>\n\n\n\n<p>De acordo com Julian Lemos, as pessoas que est\u00e3o no entorno de Jair Bolsonaro agem para destruir reputa\u00e7\u00f5es. Al\u00e9m disso, todos os que fazem cr\u00edticas ao presidente ou aos seus filhos s\u00e3o apontados como inimigos.<\/p>\n\n\n\n<p>\u201cH\u00e1 um trabalho para destruir v\u00e1rias pessoas que eles compreendem como desafetos, destruindo reputa\u00e7\u00f5es mesmo\u201d, declarou Julian Lemos. \u201cAcho o presidente um cara honesto, mas ele tem umas situa\u00e7\u00f5es de ingratid\u00e3o que machucam. Ele sai destruindo a reputa\u00e7\u00e3o, todo mundo vira traidor. [\u2026] Os deputados do PSL s\u00e3o mal tratados. Tem deputado l\u00e1 que n\u00e3o tem valor de nada\u201d.<\/p>\n\n\n\n<p>&#8220;Ap\u00f3s o primeiro turno, eu senti que o clima n\u00e3o estava legal&#8221;, disse o deputado. O atentado que Bolsonaro sofreu em Juiz de Fora (MG), em setembro do ano passado, piorou as coisas. \u201cPotencializou uma ideia de que h\u00e1 uma conspira\u00e7\u00e3o, de que querem matar [Bolsonaro]. Eu senti que existia toda hora ali gente querendo me ferrar\u201d, confessou.<\/p>\n\n\n\n<p>Julian ainda chegou a citar os filhos de Bolsonaro e criticou a forma como interferem nos assuntos do Governo. \u201cO Eduardo \u00e9 muito orgulhoso e, \u00e0s vezes, machuca as pessoas. Eu o vi chamar os deputados do PSL de favelados\u201d, afirmou.<\/p>\n\n\n\n<p>Julian chegou a exercer a fun\u00e7\u00e3o de coordenador da campanha eleitoral no Nordeste ainda em 2018. Agora, sob o ponto de vista do parlamentar paraibano,&nbsp;\u201cos deputados do PSL s\u00e3o maltratados. Tem deputado l\u00e1 que n\u00e3o tem valor de nada\u201d.<\/p>\n\n\n\n<p>Julian Lemos ainda criticou a sa\u00edda de Jair Bolsonaro do PSL. O presidente tem um novo partido, o Alian\u00e7a pelo Brasil. \u201cN\u00e3o tenho motivos para sair do PSL, nem o presidente Bolsonaro tinha\u201d, disse. Ele garantiu que o presidente da sigla, Luciano Bivar, cumpriu todas as promessas feitas ao capit\u00e3o. \u201cEu sou testemunha de que Bivar cumpriu tudo.\u201d<br><\/p>\n\n\n\n<figure><iframe width=\"1349\" height=\"480\" data-src=\"https:\/\/www.youtube.com\/embed\/N5def4yFD3s\" allowfullscreen=\"\" src=\"data:image\/svg+xml;base64,PHN2ZyB3aWR0aD0iMSIgaGVpZ2h0PSIxIiB4bWxucz0iaHR0cDovL3d3dy53My5vcmcvMjAwMC9zdmciPjwvc3ZnPg==\" class=\"lazyload\" data-load-mode=\"1\"><\/iframe><\/figure>\n","protected":false},"excerpt":{"rendered":"<p>O deputado federal paraibano Julian Lemos participou nesta segunda-feira (02) do P\u00e2nico, da r\u00e1dio Jovem Pan, e teceu duras cr\u00edticas ao presidente Jair Bolsonaro e&hellip; <\/p>\n","protected":false},"author":1,"featured_media":127318,"comment_status":"closed","ping_status":"closed","sticky":false,"template":"","format":"standard","meta":{"sfsi_plus_gutenberg_text_before_share":"","sfsi_plus_gutenberg_show_text_before_share":"","sfsi_plus_gutenberg_icon_type":"","sfsi_plus_gutenberg_icon_alignemt":"","sfsi_plus_gutenburg_max_per_row":"","footnotes":""},"categories":[11],"tags":[],"class_list":["post-139120","post","type-post","status-publish","format-standard","has-post-thumbnail","hentry","category-politica"],"_links":{"self":[{"href":"https:\/\/www.caririemacao.com\/1\/wp-json\/wp\/v2\/posts\/139120","targetHints":{"allow":["GET"]}}],"collection":[{"href":"https:\/\/www.caririemacao.com\/1\/wp-json\/wp\/v2\/posts"}],"about":[{"href":"https:\/\/www.caririemacao.com\/1\/wp-json\/wp\/v2\/types\/post"}],"author":[{"embeddable":true,"href":"https:\/\/www.caririemacao.com\/1\/wp-json\/wp\/v2\/users\/1"}],"replies":[{"embeddable":true,"href":"https:\/\/www.caririemacao.com\/1\/wp-json\/wp\/v2\/comments?post=139120"}],"version-history":[{"count":1,"href":"https:\/\/www.caririemacao.com\/1\/wp-json\/wp\/v2\/posts\/139120\/revisions"}],"predecessor-version":[{"id":139121,"href":"https:\/\/www.caririemacao.com\/1\/wp-json\/wp\/v2\/posts\/139120\/revisions\/139121"}],"wp:featuredmedia":[{"embeddable":true,"href":"https:\/\/www.caririemacao.com\/1\/wp-json\/wp\/v2\/media\/127318"}],"wp:attachment":[{"href":"https:\/\/www.caririemacao.com\/1\/wp-json\/wp\/v2\/media?parent=139120"}],"wp:term":[{"taxonomy":"category","embeddable":true,"href":"https:\/\/www.caririemacao.com\/1\/wp-json\/wp\/v2\/categories?post=139120"},{"taxonomy":"post_tag","embeddable":true,"href":"https:\/\/www.caririemacao.com\/1\/wp-json\/wp\/v2\/tags?post=139120"}],"curies":[{"name":"wp","href":"https:\/\/api.w.org\/{rel}","templated":true}]}}